{"id":6572,"date":"2026-04-26T09:06:03","date_gmt":"2026-04-26T09:06:03","guid":{"rendered":"https:\/\/www.thm.ostrowiec.pl\/?p=6572"},"modified":"2026-04-26T09:06:04","modified_gmt":"2026-04-26T09:06:04","slug":"uroczystosc-pozegnania-klas-maturalnych","status":"publish","type":"post","link":"https:\/\/www.thm.ostrowiec.pl\/?p=6572","title":{"rendered":"Uroczysto\u015b\u0107 po\u017cegnania klas maturalnych"},"content":{"rendered":"\n<p>Dzisiejsza uroczysto\u015b\u0107 by\u0142a dla ca\u0142ej spo\u0142eczno\u015bci szkolnej Technikum nr 3 im. Hutnik\u00f3w Ostrowieckich momentem pe\u0142nym emocji, refleksji i wzrusze\u0144. Po\u017cegnali\u015bmy uczni\u00f3w klas maturalnych, zamykaj\u0105c wa\u017cny etap ich \u017cycia.<\/p>\n\n\n\n<p>Uroczysto\u015b\u0107 poprowadzi\u0142 nowo wybrany przewodnicz\u0105cy szko\u0142y, Mateusz Polak.<\/p>\n\n\n\n<p>W trakcie spotkania wys\u0142uchali\u015bmy wyst\u0105pienia dyrektora szko\u0142y pana Tomasza \u0141odeja, kt\u00f3ry podsumowa\u0142 lata nauki maturzyst\u00f3w, dzi\u0119kuj\u0105c im za wsp\u00f3lnie sp\u0119dzony czas i \u017cycz\u0105c powodzenia na dalszej drodze. Nast\u0119pnie odby\u0142o si\u0119 uroczyste wr\u0119czenie nagr\u00f3d i wyr\u00f3\u017cnie\u0144 przez dyrekcj\u0119 oraz wychowawc\u00f3w \u2013 doceniono zar\u00f3wno osi\u0105gni\u0119cia naukowe, sportowe jak i zaanga\u017cowanie w \u017cycie szko\u0142y.<\/p>\n\n\n\n<p>S\u0142owa uznania do nauczycieli skierowa\u0142a Katarzyna Bara\u0144ska, dzi\u0119kuj\u0105c im za ich codzienny trud, cierpliwo\u015b\u0107 oraz zaanga\u017cowanie w przekazywanie wiedzy i wspieranie uczni\u00f3w. W swojej wypowiedzi podkre\u015bli\u0142a, jak wa\u017cn\u0105 rol\u0119 odgrywaj\u0105 nauczyciele w kszta\u0142towaniu m\u0142odych ludzi oraz jak du\u017cy wp\u0142yw maj\u0105 na ich przysz\u0142o\u015b\u0107. Jej s\u0142owa by\u0142y wyrazem wdzi\u0119czno\u015bci ca\u0142ej spo\u0142eczno\u015bci uczniowskiej i spotka\u0142y si\u0119 z ciep\u0142ym przyj\u0119ciem. Nie zabrak\u0142o r\u00f3wnie\u017c podnios\u0142ego momentu po\u017cegnania sztandaru, kt\u00f3ry na d\u0142ugo pozostanie w pami\u0119ci wszystkich obecnych.<\/p>\n\n\n\n<p>O organizacj\u0119 uroczysto\u015bci zadbali: pani Agnieszka Niewadzi, pani Julita Pastuszko, pani Ewa Bara\u0144ska oraz pan wicedyrektor Czes\u0142aw Golis.<\/p>\n\n\n\n<p>Drodzy Maturzy\u015bci \u2013 \u017cyczymy Wam powodzenia na egzaminach i odwagi w realizowaniu marze\u0144.<\/p>\n\n\n\n<figure class=\"wp-block-gallery has-nested-images columns-default is-cropped wp-block-gallery-1 is-layout-flex wp-block-gallery-is-layout-flex\">\n<figure class=\"wp-block-image size-large\"><img loading=\"lazy\" decoding=\"async\" width=\"768\" height=\"1024\" data-id=\"6583\" src=\"https:\/\/www.thm.ostrowiec.pl\/wp-content\/uploads\/2026\/04\/1p-1-768x1024.jpg\" alt=\"\" class=\"wp-image-6583\" srcset=\"https:\/\/www.thm.ostrowiec.pl\/wp-content\/uploads\/2026\/04\/1p-1-768x1024.jpg 768w, https:\/\/www.thm.ostrowiec.pl\/wp-content\/uploads\/2026\/04\/1p-1-225x300.jpg 225w, https:\/\/www.thm.ostrowiec.pl\/wp-content\/uploads\/2026\/04\/1p-1-1152x1536.jpg 1152w, https:\/\/www.thm.ostrowiec.pl\/wp-content\/uploads\/2026\/04\/1p-1.jpg 1536w\" sizes=\"(max-width: 768px) 100vw, 768px\" \/><\/figure>\n\n\n\n<figure class=\"wp-block-image size-large\"><img loading=\"lazy\" decoding=\"async\" width=\"768\" height=\"1024\" data-id=\"6584\" src=\"https:\/\/www.thm.ostrowiec.pl\/wp-content\/uploads\/2026\/04\/2p-1-768x1024.jpg\" alt=\"\" class=\"wp-image-6584\" srcset=\"https:\/\/www.thm.ostrowiec.pl\/wp-content\/uploads\/2026\/04\/2p-1-768x1024.jpg 768w, https:\/\/www.thm.ostrowiec.pl\/wp-content\/uploads\/2026\/04\/2p-1-225x300.jpg 225w, https:\/\/www.thm.ostrowiec.pl\/wp-content\/uploads\/2026\/04\/2p-1-1152x1536.jpg 1152w, https:\/\/www.thm.ostrowiec.pl\/wp-content\/uploads\/2026\/04\/2p-1.jpg 1536w\" sizes=\"(max-width: 768px) 100vw, 768px\" \/><\/figure>\n\n\n\n<figure class=\"wp-block-image size-large\"><img loading=\"lazy\" decoding=\"async\" width=\"768\" height=\"1024\" data-id=\"6585\" src=\"https:\/\/www.thm.ostrowiec.pl\/wp-content\/uploads\/2026\/04\/3p-1-768x1024.jpg\" alt=\"\" class=\"wp-image-6585\" srcset=\"https:\/\/www.thm.ostrowiec.pl\/wp-content\/uploads\/2026\/04\/3p-1-768x1024.jpg 768w, https:\/\/www.thm.ostrowiec.pl\/wp-content\/uploads\/2026\/04\/3p-1-225x300.jpg 225w, https:\/\/www.thm.ostrowiec.pl\/wp-content\/uploads\/2026\/04\/3p-1-1152x1536.jpg 1152w, https:\/\/www.thm.ostrowiec.pl\/wp-content\/uploads\/2026\/04\/3p-1.jpg 1536w\" sizes=\"(max-width: 768px) 100vw, 768px\" \/><\/figure>\n\n\n\n<figure class=\"wp-block-image size-large\"><img loading=\"lazy\" decoding=\"async\" width=\"768\" height=\"1024\" data-id=\"6586\" src=\"https:\/\/www.thm.ostrowiec.pl\/wp-content\/uploads\/2026\/04\/4p-1-768x1024.jpg\" alt=\"\" class=\"wp-image-6586\" srcset=\"https:\/\/www.thm.ostrowiec.pl\/wp-content\/uploads\/2026\/04\/4p-1-768x1024.jpg 768w, https:\/\/www.thm.ostrowiec.pl\/wp-content\/uploads\/2026\/04\/4p-1-225x300.jpg 225w, https:\/\/www.thm.ostrowiec.pl\/wp-content\/uploads\/2026\/04\/4p-1-1152x1536.jpg 1152w, https:\/\/www.thm.ostrowiec.pl\/wp-content\/uploads\/2026\/04\/4p-1.jpg 1536w\" sizes=\"(max-width: 768px) 100vw, 768px\" \/><\/figure>\n\n\n\n<figure class=\"wp-block-image size-large\"><img loading=\"lazy\" decoding=\"async\" width=\"1024\" height=\"768\" data-id=\"6587\" src=\"https:\/\/www.thm.ostrowiec.pl\/wp-content\/uploads\/2026\/04\/5p-1-1024x768.jpg\" alt=\"\" class=\"wp-image-6587\" srcset=\"https:\/\/www.thm.ostrowiec.pl\/wp-content\/uploads\/2026\/04\/5p-1-1024x768.jpg 1024w, https:\/\/www.thm.ostrowiec.pl\/wp-content\/uploads\/2026\/04\/5p-1-300x225.jpg 300w, https:\/\/www.thm.ostrowiec.pl\/wp-content\/uploads\/2026\/04\/5p-1-768x576.jpg 768w, https:\/\/www.thm.ostrowiec.pl\/wp-content\/uploads\/2026\/04\/5p-1-1536x1152.jpg 1536w, https:\/\/www.thm.ostrowiec.pl\/wp-content\/uploads\/2026\/04\/5p-1.jpg 2048w\" sizes=\"(max-width: 1024px) 100vw, 1024px\" \/><\/figure>\n\n\n\n<figure class=\"wp-block-image size-large\"><img loading=\"lazy\" decoding=\"async\" width=\"768\" height=\"1024\" data-id=\"6588\" src=\"https:\/\/www.thm.ostrowiec.pl\/wp-content\/uploads\/2026\/04\/6p-1-768x1024.jpg\" alt=\"\" class=\"wp-image-6588\" srcset=\"https:\/\/www.thm.ostrowiec.pl\/wp-content\/uploads\/2026\/04\/6p-1-768x1024.jpg 768w, https:\/\/www.thm.ostrowiec.pl\/wp-content\/uploads\/2026\/04\/6p-1-225x300.jpg 225w, https:\/\/www.thm.ostrowiec.pl\/wp-content\/uploads\/2026\/04\/6p-1-1152x1536.jpg 1152w, https:\/\/www.thm.ostrowiec.pl\/wp-content\/uploads\/2026\/04\/6p-1.jpg 1536w\" sizes=\"(max-width: 768px) 100vw, 768px\" \/><\/figure>\n\n\n\n<figure class=\"wp-block-image size-large\"><img loading=\"lazy\" decoding=\"async\" width=\"768\" height=\"1024\" data-id=\"6589\" src=\"https:\/\/www.thm.ostrowiec.pl\/wp-content\/uploads\/2026\/04\/7p-1-768x1024.jpg\" alt=\"\" class=\"wp-image-6589\" srcset=\"https:\/\/www.thm.ostrowiec.pl\/wp-content\/uploads\/2026\/04\/7p-1-768x1024.jpg 768w, https:\/\/www.thm.ostrowiec.pl\/wp-content\/uploads\/2026\/04\/7p-1-225x300.jpg 225w, https:\/\/www.thm.ostrowiec.pl\/wp-content\/uploads\/2026\/04\/7p-1-1152x1536.jpg 1152w, https:\/\/www.thm.ostrowiec.pl\/wp-content\/uploads\/2026\/04\/7p-1.jpg 1536w\" sizes=\"(max-width: 768px) 100vw, 768px\" \/><\/figure>\n\n\n\n<figure class=\"wp-block-image size-large\"><img loading=\"lazy\" decoding=\"async\" width=\"768\" height=\"1024\" data-id=\"6590\" src=\"https:\/\/www.thm.ostrowiec.pl\/wp-content\/uploads\/2026\/04\/9p-1-768x1024.jpg\" alt=\"\" class=\"wp-image-6590\" srcset=\"https:\/\/www.thm.ostrowiec.pl\/wp-content\/uploads\/2026\/04\/9p-1-768x1024.jpg 768w, https:\/\/www.thm.ostrowiec.pl\/wp-content\/uploads\/2026\/04\/9p-1-225x300.jpg 225w, https:\/\/www.thm.ostrowiec.pl\/wp-content\/uploads\/2026\/04\/9p-1-1152x1536.jpg 1152w, https:\/\/www.thm.ostrowiec.pl\/wp-content\/uploads\/2026\/04\/9p-1.jpg 1536w\" sizes=\"(max-width: 768px) 100vw, 768px\" \/><\/figure>\n\n\n\n<figure class=\"wp-block-image size-large\"><img loading=\"lazy\" decoding=\"async\" width=\"768\" height=\"1024\" data-id=\"6591\" src=\"https:\/\/www.thm.ostrowiec.pl\/wp-content\/uploads\/2026\/04\/10p-1-768x1024.jpg\" alt=\"\" class=\"wp-image-6591\" srcset=\"https:\/\/www.thm.ostrowiec.pl\/wp-content\/uploads\/2026\/04\/10p-1-768x1024.jpg 768w, https:\/\/www.thm.ostrowiec.pl\/wp-content\/uploads\/2026\/04\/10p-1-225x300.jpg 225w, https:\/\/www.thm.ostrowiec.pl\/wp-content\/uploads\/2026\/04\/10p-1-1152x1536.jpg 1152w, https:\/\/www.thm.ostrowiec.pl\/wp-content\/uploads\/2026\/04\/10p-1.jpg 1536w\" sizes=\"(max-width: 768px) 100vw, 768px\" \/><\/figure>\n<\/figure>\n","protected":false},"excerpt":{"rendered":"<p>Dzisiejsza uroczysto\u015b\u0107 by\u0142a dla ca\u0142ej spo\u0142eczno\u015bci szkolnej Technikum nr 3 im. Hutnik\u00f3w Ostrowieckich momentem pe\u0142nym emocji, refleksji i wzrusze\u0144. Po\u017cegnali\u015bmy uczni\u00f3w klas maturalnych, zamykaj\u0105c wa\u017cny etap ich \u017cycia. Uroczysto\u015b\u0107 poprowadzi\u0142 nowo wybrany przewodnicz\u0105cy szko\u0142y, Mateusz Polak. W trakcie spotkania wys\u0142uchali\u015bmy wyst\u0105pienia dyrektora szko\u0142y pana Tomasza \u0141odeja, kt\u00f3ry podsumowa\u0142 lata nauki maturzyst\u00f3w, dzi\u0119kuj\u0105c im za wsp\u00f3lnie &hellip;<\/p>\n<p class=\"read-more\"> <a class=\"\" href=\"https:\/\/www.thm.ostrowiec.pl\/?p=6572\"> <span class=\"screen-reader-text\">Uroczysto\u015b\u0107 po\u017cegnania klas maturalnych<\/span> Read More &raquo;<\/a><\/p>\n","protected":false},"author":1,"featured_media":0,"comment_status":"closed","ping_status":"closed","sticky":false,"template":"","format":"standard","meta":{"ngg_post_thumbnail":0,"footnotes":""},"categories":[5],"tags":[],"_links":{"self":[{"href":"https:\/\/www.thm.ostrowiec.pl\/index.php?rest_route=\/wp\/v2\/posts\/6572"}],"collection":[{"href":"https:\/\/www.thm.ostrowiec.pl\/index.php?rest_route=\/wp\/v2\/posts"}],"about":[{"href":"https:\/\/www.thm.ostrowiec.pl\/index.php?rest_route=\/wp\/v2\/types\/post"}],"author":[{"embeddable":true,"href":"https:\/\/www.thm.ostrowiec.pl\/index.php?rest_route=\/wp\/v2\/users\/1"}],"replies":[{"embeddable":true,"href":"https:\/\/www.thm.ostrowiec.pl\/index.php?rest_route=%2Fwp%2Fv2%2Fcomments&post=6572"}],"version-history":[{"count":1,"href":"https:\/\/www.thm.ostrowiec.pl\/index.php?rest_route=\/wp\/v2\/posts\/6572\/revisions"}],"predecessor-version":[{"id":6592,"href":"https:\/\/www.thm.ostrowiec.pl\/index.php?rest_route=\/wp\/v2\/posts\/6572\/revisions\/6592"}],"wp:attachment":[{"href":"https:\/\/www.thm.ostrowiec.pl\/index.php?rest_route=%2Fwp%2Fv2%2Fmedia&parent=6572"}],"wp:term":[{"taxonomy":"category","embeddable":true,"href":"https:\/\/www.thm.ostrowiec.pl\/index.php?rest_route=%2Fwp%2Fv2%2Fcategories&post=6572"},{"taxonomy":"post_tag","embeddable":true,"href":"https:\/\/www.thm.ostrowiec.pl\/index.php?rest_route=%2Fwp%2Fv2%2Ftags&post=6572"}],"curies":[{"name":"wp","href":"https:\/\/api.w.org\/{rel}","templated":true}]}}