{"id":6143,"date":"2025-12-13T13:01:33","date_gmt":"2025-12-13T13:01:33","guid":{"rendered":"https:\/\/www.thm.ostrowiec.pl\/?p=6143"},"modified":"2025-12-13T13:01:35","modified_gmt":"2025-12-13T13:01:35","slug":"druzyna-dziewczat-z-thm-znow-najlepsza","status":"publish","type":"post","link":"https:\/\/www.thm.ostrowiec.pl\/?p=6143","title":{"rendered":"Dru\u017cyna Dziewcz\u0105t z THM zn\u00f3w najlepsza"},"content":{"rendered":"\n<p>W<a><\/a> dniach 10.-11.12.2025 r. w Technikum nr 3 im. Hutnik\u00f3w Ostrowieckich w Ostrowcu \u015aw. odby\u0142y si\u0119 MISTRZOSTWA POWIATU OSTROWIECKIEGO W DRU\u017bYNOWYM TENISIE STO\u0141OWYM DZIEWCZ\u0104T DLA SZK\u00d3\u0141 PONADPODSTAWOWYCH.<\/p>\n\n\n\n<p>Wyniki:<\/p>\n\n\n\n<p><img loading=\"lazy\" decoding=\"async\" height=\"16\" width=\"16\" alt=\"\ud83c\udfc6\" src=\"https:\/\/static.xx.fbcdn.net\/images\/emoji.php\/v9\/t5d\/2\/16\/1f3c6.png\"><img loading=\"lazy\" decoding=\"async\" height=\"16\" width=\"16\" alt=\"\ud83c\udfd3\" src=\"https:\/\/static.xx.fbcdn.net\/images\/emoji.php\/v9\/t79\/2\/16\/1f3d3.png\"><img loading=\"lazy\" decoding=\"async\" height=\"16\" width=\"16\" alt=\"1\ufe0f\u20e3\" src=\"https:\/\/static.xx.fbcdn.net\/images\/emoji.php\/v9\/t59\/2\/16\/31_20e3.png\"> Dru\u017cyna dziewcz\u0105t z THM, Technikum nr 3 im. Hutnik\u00f3w Ostrowieckich w sk\u0142adzie: Amelia Majewska, Kinga Kwasek \u2013 opiekun Pan Grzegorz So\u0142tykiewicz<\/p>\n\n\n\n<p><img loading=\"lazy\" decoding=\"async\" height=\"16\" width=\"16\" alt=\"\ud83c\udfc6\" src=\"https:\/\/static.xx.fbcdn.net\/images\/emoji.php\/v9\/t5d\/2\/16\/1f3c6.png\"><img loading=\"lazy\" decoding=\"async\" height=\"16\" width=\"16\" alt=\"\ud83c\udfd3\" src=\"https:\/\/static.xx.fbcdn.net\/images\/emoji.php\/v9\/t79\/2\/16\/1f3d3.png\"><img loading=\"lazy\" decoding=\"async\" height=\"16\" width=\"16\" alt=\"2\ufe0f\u20e3\" src=\"https:\/\/static.xx.fbcdn.net\/images\/emoji.php\/v9\/t78\/2\/16\/32_20e3.png\"> Dru\u017cyna dziewcz\u0105t z Liceum Og\u00f3lnokszta\u0142c\u0105cego nr III im. W\u0142adys\u0142awa Broniewskiego w sk\u0142adzie: Liliana Czarnecka oraz Karolina Rak &#8211; opiekun Pani Ma\u0142gorzata Turek,<\/p>\n\n\n\n<p><img loading=\"lazy\" decoding=\"async\" height=\"16\" width=\"16\" alt=\"\ud83c\udfc6\" src=\"https:\/\/static.xx.fbcdn.net\/images\/emoji.php\/v9\/t5d\/2\/16\/1f3c6.png\"><img loading=\"lazy\" decoding=\"async\" height=\"16\" width=\"16\" alt=\"\ud83c\udfd3\" src=\"https:\/\/static.xx.fbcdn.net\/images\/emoji.php\/v9\/t79\/2\/16\/1f3d3.png\"><img loading=\"lazy\" decoding=\"async\" height=\"16\" width=\"16\" alt=\"3\ufe0f\u20e3\" src=\"https:\/\/static.xx.fbcdn.net\/images\/emoji.php\/v9\/t97\/2\/16\/33_20e3.png\"> Dru\u017cyna dziewcz\u0105t z Zespo\u0142u Szk\u00f3\u0142 nr 2 (Budowlanka) w skaldzie: Patrycja Otoli\u0144ska, Karolina Kucharska &#8211; opiekun Pan Krzysztof W\u00f3jcik,<\/p>\n\n\n\n<p><img loading=\"lazy\" decoding=\"async\" height=\"16\" width=\"16\" alt=\"\ud83c\udfd3\" src=\"https:\/\/static.xx.fbcdn.net\/images\/emoji.php\/v9\/t79\/2\/16\/1f3d3.png\"><img loading=\"lazy\" decoding=\"async\" height=\"16\" width=\"16\" alt=\"4\ufe0f\u20e3\" src=\"https:\/\/static.xx.fbcdn.net\/images\/emoji.php\/v9\/tb6\/2\/16\/34_20e3.png\"> Dru\u017cyna I dziewcz\u0105t z Liceum Og\u00f3lnokszta\u0142c\u0105cego nr II im. Joachima Chreptowicza<\/p>\n\n\n\n<p><img loading=\"lazy\" decoding=\"async\" height=\"16\" width=\"16\" alt=\"\ud83c\udfd3\" src=\"https:\/\/static.xx.fbcdn.net\/images\/emoji.php\/v9\/t79\/2\/16\/1f3d3.png\"><img loading=\"lazy\" decoding=\"async\" height=\"16\" width=\"16\" alt=\"5\ufe0f\u20e3\" src=\"https:\/\/static.xx.fbcdn.net\/images\/emoji.php\/v9\/td5\/2\/16\/35_20e3.png\"> Dru\u017cyna dziewcz\u0105t z Liceum Og\u00f3lnokszta\u0142c\u0105cego nr I im. Stanis\u0142awa Staszica,<\/p>\n\n\n\n<p><img loading=\"lazy\" decoding=\"async\" height=\"16\" width=\"16\" alt=\"\ud83c\udfd3\" src=\"https:\/\/static.xx.fbcdn.net\/images\/emoji.php\/v9\/t79\/2\/16\/1f3d3.png\"><img loading=\"lazy\" decoding=\"async\" height=\"16\" width=\"16\" alt=\"6\ufe0f\u20e3\" src=\"https:\/\/static.xx.fbcdn.net\/images\/emoji.php\/v9\/tf4\/2\/16\/36_20e3.png\"> Dru\u017cyna II dziewcz\u0105t z THM Technikum nr 3 im. Hutnik\u00f3w Ostrowieckich,<\/p>\n\n\n\n<p><img loading=\"lazy\" decoding=\"async\" height=\"16\" width=\"16\" alt=\"\ud83c\udfd3\" src=\"https:\/\/static.xx.fbcdn.net\/images\/emoji.php\/v9\/t79\/2\/16\/1f3d3.png\"><img loading=\"lazy\" decoding=\"async\" height=\"16\" width=\"16\" alt=\"7\ufe0f\u20e3\" src=\"https:\/\/static.xx.fbcdn.net\/images\/emoji.php\/v9\/t13\/2\/16\/37_20e3.png\"> Dru\u017cyna II dziewcz\u0105t z Liceum Og\u00f3lnokszta\u0142c\u0105cego nr III im. W\u0142adys\u0142awa Broniewskiego,<\/p>\n\n\n\n<p><img loading=\"lazy\" decoding=\"async\" height=\"16\" width=\"16\" alt=\"\ud83c\udfd3\" src=\"https:\/\/static.xx.fbcdn.net\/images\/emoji.php\/v9\/t79\/2\/16\/1f3d3.png\"><img loading=\"lazy\" decoding=\"async\" height=\"16\" width=\"16\" alt=\"8\ufe0f\u20e3\" src=\"https:\/\/static.xx.fbcdn.net\/images\/emoji.php\/v9\/t32\/2\/16\/38_20e3.png\"> Dru\u017cyna III dziewcz\u0105t z Liceum Ogolnokszta\u0142c\u0105cwgo nr III im. W\u0142adys\u0142awa Broniewskiego,<\/p>\n\n\n\n<p><img loading=\"lazy\" decoding=\"async\" height=\"16\" width=\"16\" alt=\"\ud83c\udfd3\" src=\"https:\/\/static.xx.fbcdn.net\/images\/emoji.php\/v9\/t79\/2\/16\/1f3d3.png\"><img loading=\"lazy\" decoding=\"async\" height=\"16\" width=\"16\" alt=\"9\ufe0f\u20e3\" src=\"https:\/\/static.xx.fbcdn.net\/images\/emoji.php\/v9\/t51\/2\/16\/39_20e3.png\">Dru\u017cyna II dziewcz\u0105t z Liceum Og\u00f3lnokszta\u0142c\u0105cego nr II im. Joachima Chreptowicza,<\/p>\n\n\n\n<p><img loading=\"lazy\" decoding=\"async\" height=\"16\" width=\"16\" alt=\"\ud83c\udfd3\" src=\"https:\/\/static.xx.fbcdn.net\/images\/emoji.php\/v9\/t79\/2\/16\/1f3d3.png\"><img loading=\"lazy\" decoding=\"async\" height=\"16\" width=\"16\" alt=\"\ud83d\udd1f\" src=\"https:\/\/static.xx.fbcdn.net\/images\/emoji.php\/v9\/t1\/2\/16\/1f51f.png\">Dru\u017cyna II dziewcz\u0105t z Zespo\u0142u Szk\u00f3\u0142 nr 2 (Budowlanka)<\/p>\n\n\n\n<p>Nagrody dla zwyci\u0119skich dru\u017cyn ufundowa\u0142o \ud835\udc12\ud835\udc13\ud835\udc00\ud835\udc11\ud835\udc0e\ud835\udc12\ud835\udc13\ud835\udc16\ud835\udc0e \ud835\udc0f\ud835\udc0e\ud835\udc16\ud835\udc08\ud835\udc00\ud835\udc13\ud835\udc0e\ud835\udc16\ud835\udc04 w Ostrowcu \u015aw., a wr\u0119czyli je <strong>Naczelnik Wydzia\u0142u Edukacji, Zdrowia i Spraw Spo\u0142ecznych Pan Mariusz \u0141ata<\/strong> oraz <strong>Dyrektor Zespo\u0142u Szk\u00f3\u0142 nr 3 &#8211; Pan Tomasz \u0141odej.<\/strong><\/p>\n\n\n\n<p>Wszystkim dru\u017cynom serdecznie gratulujemy i dzi\u0119kujemy za udzia\u0142 w turnieju. <\/p>\n\n\n\n<p>Organizacj\u0105 przedsi\u0119wzi\u0119cia zaj\u0105\u0142 si\u0119 <strong>pan Grzegorz Soltykiewicz <\/strong>&#8211; wieceprzewodnicz\u0105cy oddzia\u0142u powiatowego Szkolnego Zwi\u0105zku Sportowego SZS Ostrowiec \u015aw. z pomoc\u0105 <strong>Pani Anety Zapa\u0142y &#8211; Wieche\u0107.<\/strong><\/p>\n\n\n\n<figure class=\"wp-block-gallery has-nested-images columns-default is-cropped wp-block-gallery-1 is-layout-flex wp-block-gallery-is-layout-flex\">\n<figure class=\"wp-block-image size-large\"><img loading=\"lazy\" decoding=\"async\" width=\"1024\" height=\"768\" data-id=\"6144\" src=\"https:\/\/www.thm.ostrowiec.pl\/wp-content\/uploads\/2025\/12\/1-1024x768.jpg\" alt=\"\" class=\"wp-image-6144\" srcset=\"https:\/\/www.thm.ostrowiec.pl\/wp-content\/uploads\/2025\/12\/1-1024x768.jpg 1024w, https:\/\/www.thm.ostrowiec.pl\/wp-content\/uploads\/2025\/12\/1-300x225.jpg 300w, https:\/\/www.thm.ostrowiec.pl\/wp-content\/uploads\/2025\/12\/1-768x576.jpg 768w, https:\/\/www.thm.ostrowiec.pl\/wp-content\/uploads\/2025\/12\/1-1536x1152.jpg 1536w, https:\/\/www.thm.ostrowiec.pl\/wp-content\/uploads\/2025\/12\/1.jpg 1600w\" sizes=\"(max-width: 1024px) 100vw, 1024px\" \/><\/figure>\n\n\n\n<figure class=\"wp-block-image size-large\"><img loading=\"lazy\" decoding=\"async\" width=\"768\" height=\"1024\" data-id=\"6145\" src=\"https:\/\/www.thm.ostrowiec.pl\/wp-content\/uploads\/2025\/12\/2-768x1024.jpg\" alt=\"\" class=\"wp-image-6145\" srcset=\"https:\/\/www.thm.ostrowiec.pl\/wp-content\/uploads\/2025\/12\/2-768x1024.jpg 768w, https:\/\/www.thm.ostrowiec.pl\/wp-content\/uploads\/2025\/12\/2-225x300.jpg 225w, https:\/\/www.thm.ostrowiec.pl\/wp-content\/uploads\/2025\/12\/2-1152x1536.jpg 1152w, https:\/\/www.thm.ostrowiec.pl\/wp-content\/uploads\/2025\/12\/2.jpg 1536w\" sizes=\"(max-width: 768px) 100vw, 768px\" \/><\/figure>\n\n\n\n<figure class=\"wp-block-image size-large\"><img loading=\"lazy\" decoding=\"async\" width=\"768\" height=\"1024\" data-id=\"6146\" src=\"https:\/\/www.thm.ostrowiec.pl\/wp-content\/uploads\/2025\/12\/3-768x1024.jpg\" alt=\"\" class=\"wp-image-6146\" srcset=\"https:\/\/www.thm.ostrowiec.pl\/wp-content\/uploads\/2025\/12\/3-768x1024.jpg 768w, https:\/\/www.thm.ostrowiec.pl\/wp-content\/uploads\/2025\/12\/3-225x300.jpg 225w, https:\/\/www.thm.ostrowiec.pl\/wp-content\/uploads\/2025\/12\/3-1152x1536.jpg 1152w, https:\/\/www.thm.ostrowiec.pl\/wp-content\/uploads\/2025\/12\/3.jpg 1536w\" sizes=\"(max-width: 768px) 100vw, 768px\" \/><\/figure>\n\n\n\n<figure class=\"wp-block-image size-large\"><img loading=\"lazy\" decoding=\"async\" width=\"768\" height=\"1024\" data-id=\"6160\" src=\"https:\/\/www.thm.ostrowiec.pl\/wp-content\/uploads\/2025\/12\/595065938_1420559516746285_5968079351019034403_n-2-768x1024.jpg\" alt=\"\" class=\"wp-image-6160\" srcset=\"https:\/\/www.thm.ostrowiec.pl\/wp-content\/uploads\/2025\/12\/595065938_1420559516746285_5968079351019034403_n-2-768x1024.jpg 768w, https:\/\/www.thm.ostrowiec.pl\/wp-content\/uploads\/2025\/12\/595065938_1420559516746285_5968079351019034403_n-2-225x300.jpg 225w, https:\/\/www.thm.ostrowiec.pl\/wp-content\/uploads\/2025\/12\/595065938_1420559516746285_5968079351019034403_n-2-1152x1536.jpg 1152w, https:\/\/www.thm.ostrowiec.pl\/wp-content\/uploads\/2025\/12\/595065938_1420559516746285_5968079351019034403_n-2.jpg 1536w\" sizes=\"(max-width: 768px) 100vw, 768px\" \/><\/figure>\n\n\n\n<figure class=\"wp-block-image size-large\"><img loading=\"lazy\" decoding=\"async\" width=\"768\" height=\"1024\" data-id=\"6158\" src=\"https:\/\/www.thm.ostrowiec.pl\/wp-content\/uploads\/2025\/12\/595369350_1420559693412934_8382851813591086759_n-1-768x1024.jpg\" alt=\"\" class=\"wp-image-6158\" srcset=\"https:\/\/www.thm.ostrowiec.pl\/wp-content\/uploads\/2025\/12\/595369350_1420559693412934_8382851813591086759_n-1-768x1024.jpg 768w, https:\/\/www.thm.ostrowiec.pl\/wp-content\/uploads\/2025\/12\/595369350_1420559693412934_8382851813591086759_n-1-225x300.jpg 225w, https:\/\/www.thm.ostrowiec.pl\/wp-content\/uploads\/2025\/12\/595369350_1420559693412934_8382851813591086759_n-1-1152x1536.jpg 1152w, https:\/\/www.thm.ostrowiec.pl\/wp-content\/uploads\/2025\/12\/595369350_1420559693412934_8382851813591086759_n-1.jpg 1536w\" sizes=\"(max-width: 768px) 100vw, 768px\" \/><\/figure>\n\n\n\n<figure class=\"wp-block-image size-large\"><img loading=\"lazy\" decoding=\"async\" width=\"768\" height=\"1024\" data-id=\"6151\" src=\"https:\/\/www.thm.ostrowiec.pl\/wp-content\/uploads\/2025\/12\/595513902_1420559453412958_2779227127606349526_n-768x1024.jpg\" alt=\"\" class=\"wp-image-6151\" srcset=\"https:\/\/www.thm.ostrowiec.pl\/wp-content\/uploads\/2025\/12\/595513902_1420559453412958_2779227127606349526_n-768x1024.jpg 768w, https:\/\/www.thm.ostrowiec.pl\/wp-content\/uploads\/2025\/12\/595513902_1420559453412958_2779227127606349526_n-225x300.jpg 225w, https:\/\/www.thm.ostrowiec.pl\/wp-content\/uploads\/2025\/12\/595513902_1420559453412958_2779227127606349526_n-1152x1536.jpg 1152w, https:\/\/www.thm.ostrowiec.pl\/wp-content\/uploads\/2025\/12\/595513902_1420559453412958_2779227127606349526_n.jpg 1536w\" sizes=\"(max-width: 768px) 100vw, 768px\" \/><\/figure>\n\n\n\n<figure class=\"wp-block-image size-large\"><img loading=\"lazy\" decoding=\"async\" width=\"768\" height=\"1024\" data-id=\"6161\" src=\"https:\/\/www.thm.ostrowiec.pl\/wp-content\/uploads\/2025\/12\/597013637_1420559366746300_5566068854196866783_n-1-768x1024.jpg\" alt=\"\" class=\"wp-image-6161\" srcset=\"https:\/\/www.thm.ostrowiec.pl\/wp-content\/uploads\/2025\/12\/597013637_1420559366746300_5566068854196866783_n-1-768x1024.jpg 768w, https:\/\/www.thm.ostrowiec.pl\/wp-content\/uploads\/2025\/12\/597013637_1420559366746300_5566068854196866783_n-1-225x300.jpg 225w, https:\/\/www.thm.ostrowiec.pl\/wp-content\/uploads\/2025\/12\/597013637_1420559366746300_5566068854196866783_n-1-1152x1536.jpg 1152w, https:\/\/www.thm.ostrowiec.pl\/wp-content\/uploads\/2025\/12\/597013637_1420559366746300_5566068854196866783_n-1.jpg 1536w\" sizes=\"(max-width: 768px) 100vw, 768px\" \/><\/figure>\n\n\n\n<figure class=\"wp-block-image size-large\"><img loading=\"lazy\" decoding=\"async\" width=\"768\" height=\"1024\" data-id=\"6162\" src=\"https:\/\/www.thm.ostrowiec.pl\/wp-content\/uploads\/2025\/12\/597386159_1420559810079589_2020826009877423111_n-1-768x1024.jpg\" alt=\"\" class=\"wp-image-6162\" srcset=\"https:\/\/www.thm.ostrowiec.pl\/wp-content\/uploads\/2025\/12\/597386159_1420559810079589_2020826009877423111_n-1-768x1024.jpg 768w, https:\/\/www.thm.ostrowiec.pl\/wp-content\/uploads\/2025\/12\/597386159_1420559810079589_2020826009877423111_n-1-225x300.jpg 225w, https:\/\/www.thm.ostrowiec.pl\/wp-content\/uploads\/2025\/12\/597386159_1420559810079589_2020826009877423111_n-1-1152x1536.jpg 1152w, https:\/\/www.thm.ostrowiec.pl\/wp-content\/uploads\/2025\/12\/597386159_1420559810079589_2020826009877423111_n-1.jpg 1536w\" sizes=\"(max-width: 768px) 100vw, 768px\" \/><\/figure>\n\n\n\n<figure class=\"wp-block-image size-large\"><img loading=\"lazy\" decoding=\"async\" width=\"768\" height=\"1024\" data-id=\"6163\" src=\"https:\/\/www.thm.ostrowiec.pl\/wp-content\/uploads\/2025\/12\/597606629_1420559773412926_9138547114623537778_n-1-768x1024.jpg\" alt=\"\" class=\"wp-image-6163\" srcset=\"https:\/\/www.thm.ostrowiec.pl\/wp-content\/uploads\/2025\/12\/597606629_1420559773412926_9138547114623537778_n-1-768x1024.jpg 768w, https:\/\/www.thm.ostrowiec.pl\/wp-content\/uploads\/2025\/12\/597606629_1420559773412926_9138547114623537778_n-1-225x300.jpg 225w, https:\/\/www.thm.ostrowiec.pl\/wp-content\/uploads\/2025\/12\/597606629_1420559773412926_9138547114623537778_n-1-1152x1536.jpg 1152w, https:\/\/www.thm.ostrowiec.pl\/wp-content\/uploads\/2025\/12\/597606629_1420559773412926_9138547114623537778_n-1.jpg 1536w\" sizes=\"(max-width: 768px) 100vw, 768px\" \/><\/figure>\n\n\n\n<figure class=\"wp-block-image size-large\"><img loading=\"lazy\" decoding=\"async\" width=\"768\" height=\"1024\" data-id=\"6165\" src=\"https:\/\/www.thm.ostrowiec.pl\/wp-content\/uploads\/2025\/12\/599619542_1420559746746262_7152699446677923723_n-1-768x1024.jpg\" alt=\"\" class=\"wp-image-6165\" srcset=\"https:\/\/www.thm.ostrowiec.pl\/wp-content\/uploads\/2025\/12\/599619542_1420559746746262_7152699446677923723_n-1-768x1024.jpg 768w, https:\/\/www.thm.ostrowiec.pl\/wp-content\/uploads\/2025\/12\/599619542_1420559746746262_7152699446677923723_n-1-225x300.jpg 225w, https:\/\/www.thm.ostrowiec.pl\/wp-content\/uploads\/2025\/12\/599619542_1420559746746262_7152699446677923723_n-1-1152x1536.jpg 1152w, https:\/\/www.thm.ostrowiec.pl\/wp-content\/uploads\/2025\/12\/599619542_1420559746746262_7152699446677923723_n-1.jpg 1536w\" sizes=\"(max-width: 768px) 100vw, 768px\" \/><\/figure>\n\n\n\n<figure class=\"wp-block-image size-large\"><img loading=\"lazy\" decoding=\"async\" width=\"768\" height=\"1024\" data-id=\"6154\" src=\"https:\/\/www.thm.ostrowiec.pl\/wp-content\/uploads\/2025\/12\/597955009_1420559430079627_8259968277530503804_n-768x1024.jpg\" alt=\"\" class=\"wp-image-6154\" srcset=\"https:\/\/www.thm.ostrowiec.pl\/wp-content\/uploads\/2025\/12\/597955009_1420559430079627_8259968277530503804_n-768x1024.jpg 768w, https:\/\/www.thm.ostrowiec.pl\/wp-content\/uploads\/2025\/12\/597955009_1420559430079627_8259968277530503804_n-225x300.jpg 225w, https:\/\/www.thm.ostrowiec.pl\/wp-content\/uploads\/2025\/12\/597955009_1420559430079627_8259968277530503804_n-1152x1536.jpg 1152w, https:\/\/www.thm.ostrowiec.pl\/wp-content\/uploads\/2025\/12\/597955009_1420559430079627_8259968277530503804_n.jpg 1536w\" sizes=\"(max-width: 768px) 100vw, 768px\" \/><\/figure>\n\n\n\n<figure class=\"wp-block-image size-large\"><img loading=\"lazy\" decoding=\"async\" width=\"768\" height=\"1024\" data-id=\"6167\" src=\"https:\/\/www.thm.ostrowiec.pl\/wp-content\/uploads\/2025\/12\/595513902_1420559453412958_2779227127606349526_n-1-768x1024.jpg\" alt=\"\" class=\"wp-image-6167\" srcset=\"https:\/\/www.thm.ostrowiec.pl\/wp-content\/uploads\/2025\/12\/595513902_1420559453412958_2779227127606349526_n-1-768x1024.jpg 768w, https:\/\/www.thm.ostrowiec.pl\/wp-content\/uploads\/2025\/12\/595513902_1420559453412958_2779227127606349526_n-1-225x300.jpg 225w, https:\/\/www.thm.ostrowiec.pl\/wp-content\/uploads\/2025\/12\/595513902_1420559453412958_2779227127606349526_n-1-1152x1536.jpg 1152w, https:\/\/www.thm.ostrowiec.pl\/wp-content\/uploads\/2025\/12\/595513902_1420559453412958_2779227127606349526_n-1.jpg 1536w\" sizes=\"(max-width: 768px) 100vw, 768px\" \/><\/figure>\n\n\n\n<figure class=\"wp-block-image size-large\"><img loading=\"lazy\" decoding=\"async\" width=\"1024\" height=\"768\" data-id=\"6164\" src=\"https:\/\/www.thm.ostrowiec.pl\/wp-content\/uploads\/2025\/12\/597922778_1420559316746305_5125780848941460021_n-1-1024x768.jpg\" alt=\"\" class=\"wp-image-6164\" srcset=\"https:\/\/www.thm.ostrowiec.pl\/wp-content\/uploads\/2025\/12\/597922778_1420559316746305_5125780848941460021_n-1-1024x768.jpg 1024w, https:\/\/www.thm.ostrowiec.pl\/wp-content\/uploads\/2025\/12\/597922778_1420559316746305_5125780848941460021_n-1-300x225.jpg 300w, https:\/\/www.thm.ostrowiec.pl\/wp-content\/uploads\/2025\/12\/597922778_1420559316746305_5125780848941460021_n-1-768x576.jpg 768w, https:\/\/www.thm.ostrowiec.pl\/wp-content\/uploads\/2025\/12\/597922778_1420559316746305_5125780848941460021_n-1-1536x1152.jpg 1536w, https:\/\/www.thm.ostrowiec.pl\/wp-content\/uploads\/2025\/12\/597922778_1420559316746305_5125780848941460021_n-1.jpg 2048w\" sizes=\"(max-width: 1024px) 100vw, 1024px\" \/><\/figure>\n<\/figure>\n","protected":false},"excerpt":{"rendered":"<p>W dniach 10.-11.12.2025 r. w Technikum nr 3 im. Hutnik\u00f3w Ostrowieckich w Ostrowcu \u015aw. odby\u0142y si\u0119 MISTRZOSTWA POWIATU OSTROWIECKIEGO W DRU\u017bYNOWYM TENISIE STO\u0141OWYM DZIEWCZ\u0104T DLA SZK\u00d3\u0141 PONADPODSTAWOWYCH. Wyniki: Dru\u017cyna dziewcz\u0105t z THM, Technikum nr 3 im. Hutnik\u00f3w Ostrowieckich w sk\u0142adzie: Amelia Majewska, Kinga Kwasek \u2013 opiekun Pan Grzegorz So\u0142tykiewicz Dru\u017cyna dziewcz\u0105t z Liceum Og\u00f3lnokszta\u0142c\u0105cego nr &hellip;<\/p>\n<p class=\"read-more\"> <a class=\"\" href=\"https:\/\/www.thm.ostrowiec.pl\/?p=6143\"> <span class=\"screen-reader-text\">Dru\u017cyna Dziewcz\u0105t z THM zn\u00f3w najlepsza<\/span> Read More &raquo;<\/a><\/p>\n","protected":false},"author":1,"featured_media":0,"comment_status":"closed","ping_status":"closed","sticky":false,"template":"","format":"standard","meta":{"ngg_post_thumbnail":0,"footnotes":""},"categories":[17],"tags":[],"_links":{"self":[{"href":"https:\/\/www.thm.ostrowiec.pl\/index.php?rest_route=\/wp\/v2\/posts\/6143"}],"collection":[{"href":"https:\/\/www.thm.ostrowiec.pl\/index.php?rest_route=\/wp\/v2\/posts"}],"about":[{"href":"https:\/\/www.thm.ostrowiec.pl\/index.php?rest_route=\/wp\/v2\/types\/post"}],"author":[{"embeddable":true,"href":"https:\/\/www.thm.ostrowiec.pl\/index.php?rest_route=\/wp\/v2\/users\/1"}],"replies":[{"embeddable":true,"href":"https:\/\/www.thm.ostrowiec.pl\/index.php?rest_route=%2Fwp%2Fv2%2Fcomments&post=6143"}],"version-history":[{"count":1,"href":"https:\/\/www.thm.ostrowiec.pl\/index.php?rest_route=\/wp\/v2\/posts\/6143\/revisions"}],"predecessor-version":[{"id":6168,"href":"https:\/\/www.thm.ostrowiec.pl\/index.php?rest_route=\/wp\/v2\/posts\/6143\/revisions\/6168"}],"wp:attachment":[{"href":"https:\/\/www.thm.ostrowiec.pl\/index.php?rest_route=%2Fwp%2Fv2%2Fmedia&parent=6143"}],"wp:term":[{"taxonomy":"category","embeddable":true,"href":"https:\/\/www.thm.ostrowiec.pl\/index.php?rest_route=%2Fwp%2Fv2%2Fcategories&post=6143"},{"taxonomy":"post_tag","embeddable":true,"href":"https:\/\/www.thm.ostrowiec.pl\/index.php?rest_route=%2Fwp%2Fv2%2Ftags&post=6143"}],"curies":[{"name":"wp","href":"https:\/\/api.w.org\/{rel}","templated":true}]}}