{"id":5068,"date":"2024-10-31T16:33:05","date_gmt":"2024-10-31T16:33:05","guid":{"rendered":"https:\/\/www.thm.ostrowiec.pl\/?p=5068"},"modified":"2024-10-31T16:33:13","modified_gmt":"2024-10-31T16:33:13","slug":"kolejne-europassy-dla-uczniow-thm","status":"publish","type":"post","link":"https:\/\/www.thm.ostrowiec.pl\/?p=5068","title":{"rendered":"Kolejne &#8222;Europassy&#8221; dla uczni\u00f3w THM"},"content":{"rendered":"\n<p>Nasi uczniowie ju\u017c 20 lat wyje\u017cd\u017caj\u0105 na zagraniczne czterotygodniowe praktyki zawodowe. Wczoraj, wraz z zaproszonymi Go\u015b\u0107mi &#8211; Wiceprezydentem Miasta Ostrowca \u015awi\u0119tokrzyskiego Panem Krzysztofem Kowalskim, Naczelnikiem Wydzia\u0142u Edukacji, Zdrowia i Spraw Spo\u0142ecznych Starostwa Powiatowego &#8211; Panem Mariuszem \u0141at\u0105, Przewodnicz\u0105cym Komisji O\u015bwiaty i Kultury Starostwa Powiatowego &#8211; Panem Dariuszem Czupry\u0144skim, Wiceprzewodnicz\u0105c\u0105 Komisji O\u015bwiaty i Kultury Starostwa Powiatowego &#8211; Pani\u0105 <a><\/a>Magdalen\u0105 Le\u015bniak oraz Pani\u0105 Edyt\u0105 S\u0142owikowsk\u0105 &#8211; przedstawicielk\u0105 firmy HRM Senior Advisor Celsa &#8222;Huta Ostrowiec&#8221; i Pani\u0105 King\u0105 Jab\u0142o\u0144sk\u0105 &#8211; prezesem zarz\u0105du firmy <a href=\"https:\/\/l.facebook.com\/l.php?u=http%3A%2F%2FKoduj.pl%2F%3Ffbclid%3DIwZXh0bgNhZW0CMTAAAR32qm8MqoFZ7w9TvEvQgdLilzZXkEiO0HoUQfYK0A-S30bPDUvFoInm7WY_aem_agieE8mu15ztw2YzuDlJHQ&amp;h=AT0csskdkRSlvpzETF3xCJxUjyxnjOqG-6K6geNkXmHrN-PeveiAbT7L80ewtwLgnQD7MCCmqLV5vjF8G1go-AhfMCOTzn7SPIF_UYpXuIIkyB65pzdjurUHBi_8hNCu4YIR&amp;__tn__=-UK-R&amp;c[0]=AT3cWHAF_yywftsSPh6V9AKMvZhucftzu8GEs6BSTl0ZZK-Ka0gfywkyrtLatNBHYPokOLRs7jgbB2bSEgtcUDY8x4iD_BU2x85GW8MiL590hx2FYyjlhsDfi8sDxFcbB--ESk5s5-4odrlXVeGC_S-zoY5zasO0yqx5m95VdgyWwbskM8kDKDRgKQaTT3wXrvetGACvCL5z0itFKcIN6O1dkWY\" rel=\"noreferrer noopener\" target=\"_blank\">Koduj.pl.<\/a> \u015bwi\u0119towali\u015bmy uroczyste rozdanie Europass\u00f3w. To dokumenty honorowane w ca\u0142ej Unii Europejskiej, a po\u015bwiadczaj\u0105ce nabyte umiej\u0119tno\u015bci.<\/p>\n\n\n\n<p>W tym roku kr\u00f3tki sta\u017c &#8211; job shadowing, odby\u0142y tak\u017ce Panie: El\u017cbieta W\u0142odarczyk, Magdalena Kaniewska i Agnieszka Osojca.<\/p>\n\n\n\n<p>Rozdanie Europass\u00f3w to te\u017c okazja do podzielenia si\u0119 informacjami i zdobytymi do\u015bwiadczeniami z klasami czwartymi &#8211; kandydatami na podobne praktyki w 2025 roku.<\/p>\n\n\n\n<p>Sta\u017c zagraniczny w hiszpa\u0144skiej Walencji odbyli uczniowie klasy 5 Tib &#8211; Petko Karawe\u0142ow, Miko\u0142aj Mizera i Kacper Sadowski oraz Piotr \u015acibisz i Patryk Siwiec z klasy 5Tia. Opiekunk\u0105 grupy by\u0142a Pani Jolanta Grochulska.<\/p>\n\n\n\n<p>Natomiast sta\u017c w Set\u00fabalu w Portugalii odbywali uczniowie: Oliwia Makuch, Magdalena Kornelia Dudek, Kacper Nawara, Emilia K\u0142os, Bart\u0142omiej Rdzanek, Kamil Przydatek, Mateusz Halik, Pawe\u0142 Kucharski, Piotr Koz\u0142owski, Karol Grze\u015bkiewicz, Zuzanna \u0141askawy, Maciej Traczy\u0144ski, Martyna W\u00f3jtowicz, Bartosz Mazur.<\/p>\n\n\n\n<p>Opiekunkami m\u0142odzie\u017cy by\u0142y Panie &#8211; Mariola Le\u015bniewska i Katarzyna Cedro.<\/p>\n\n\n\n<p>Obie grupy docenia\u0142y fakt nabycia nowych zawodowych umiej\u0119tno\u015bci, doskonalenia j\u0119zyk\u00f3w, poznania nowej kultury oraz ciekawych zabytk\u00f3w architektonicznych.<\/p>\n\n\n\n<p>Wszyscy z przyjemno\u015bci\u0105 i u\u015bmiechem wspominali zagraniczn\u0105 przygod\u0119 jako niezwyk\u0142\u0105 i rozwijaj\u0105c\u0105 szko\u0142\u0119 \u017cycia.<\/p>\n\n\n\n<figure class=\"wp-block-gallery has-nested-images columns-default is-cropped wp-block-gallery-1 is-layout-flex wp-block-gallery-is-layout-flex\">\n<figure class=\"wp-block-image size-large\"><img loading=\"lazy\" decoding=\"async\" width=\"960\" height=\"720\" data-id=\"5080\" src=\"https:\/\/www.thm.ostrowiec.pl\/wp-content\/uploads\/2024\/10\/464785483_1075401151262125_4499383543201760741_n.jpg\" alt=\"\" class=\"wp-image-5080\" srcset=\"https:\/\/www.thm.ostrowiec.pl\/wp-content\/uploads\/2024\/10\/464785483_1075401151262125_4499383543201760741_n.jpg 960w, https:\/\/www.thm.ostrowiec.pl\/wp-content\/uploads\/2024\/10\/464785483_1075401151262125_4499383543201760741_n-300x225.jpg 300w, https:\/\/www.thm.ostrowiec.pl\/wp-content\/uploads\/2024\/10\/464785483_1075401151262125_4499383543201760741_n-768x576.jpg 768w\" sizes=\"(max-width: 960px) 100vw, 960px\" \/><\/figure>\n\n\n\n<figure class=\"wp-block-image size-large\"><img loading=\"lazy\" decoding=\"async\" width=\"720\" height=\"960\" data-id=\"5074\" src=\"https:\/\/www.thm.ostrowiec.pl\/wp-content\/uploads\/2024\/10\/464802257_1075400997928807_6064032950372691127_n.jpg\" alt=\"\" class=\"wp-image-5074\" srcset=\"https:\/\/www.thm.ostrowiec.pl\/wp-content\/uploads\/2024\/10\/464802257_1075400997928807_6064032950372691127_n.jpg 720w, https:\/\/www.thm.ostrowiec.pl\/wp-content\/uploads\/2024\/10\/464802257_1075400997928807_6064032950372691127_n-225x300.jpg 225w\" sizes=\"(max-width: 720px) 100vw, 720px\" \/><\/figure>\n\n\n\n<figure class=\"wp-block-image size-large\"><img loading=\"lazy\" decoding=\"async\" width=\"960\" height=\"720\" data-id=\"5081\" src=\"https:\/\/www.thm.ostrowiec.pl\/wp-content\/uploads\/2024\/10\/464805962_1075401251262115_3206100212443547421_n.jpg\" alt=\"\" class=\"wp-image-5081\" srcset=\"https:\/\/www.thm.ostrowiec.pl\/wp-content\/uploads\/2024\/10\/464805962_1075401251262115_3206100212443547421_n.jpg 960w, https:\/\/www.thm.ostrowiec.pl\/wp-content\/uploads\/2024\/10\/464805962_1075401251262115_3206100212443547421_n-300x225.jpg 300w, https:\/\/www.thm.ostrowiec.pl\/wp-content\/uploads\/2024\/10\/464805962_1075401251262115_3206100212443547421_n-768x576.jpg 768w\" sizes=\"(max-width: 960px) 100vw, 960px\" \/><\/figure>\n\n\n\n<figure class=\"wp-block-image size-large\"><img loading=\"lazy\" decoding=\"async\" width=\"768\" height=\"1024\" data-id=\"5077\" src=\"https:\/\/www.thm.ostrowiec.pl\/wp-content\/uploads\/2024\/10\/464806127_1075401687928738_6738901583204218456_n-768x1024.jpg\" alt=\"\" class=\"wp-image-5077\" srcset=\"https:\/\/www.thm.ostrowiec.pl\/wp-content\/uploads\/2024\/10\/464806127_1075401687928738_6738901583204218456_n-768x1024.jpg 768w, https:\/\/www.thm.ostrowiec.pl\/wp-content\/uploads\/2024\/10\/464806127_1075401687928738_6738901583204218456_n-225x300.jpg 225w, https:\/\/www.thm.ostrowiec.pl\/wp-content\/uploads\/2024\/10\/464806127_1075401687928738_6738901583204218456_n-1152x1536.jpg 1152w, https:\/\/www.thm.ostrowiec.pl\/wp-content\/uploads\/2024\/10\/464806127_1075401687928738_6738901583204218456_n.jpg 1200w\" sizes=\"(max-width: 768px) 100vw, 768px\" \/><\/figure>\n\n\n\n<figure class=\"wp-block-image size-large\"><img loading=\"lazy\" decoding=\"async\" width=\"720\" height=\"960\" data-id=\"5069\" src=\"https:\/\/www.thm.ostrowiec.pl\/wp-content\/uploads\/2024\/10\/464826269_1075400881262152_1825635309747822003_n.jpg\" alt=\"\" class=\"wp-image-5069\" srcset=\"https:\/\/www.thm.ostrowiec.pl\/wp-content\/uploads\/2024\/10\/464826269_1075400881262152_1825635309747822003_n.jpg 720w, https:\/\/www.thm.ostrowiec.pl\/wp-content\/uploads\/2024\/10\/464826269_1075400881262152_1825635309747822003_n-225x300.jpg 225w\" sizes=\"(max-width: 720px) 100vw, 720px\" \/><\/figure>\n\n\n\n<figure class=\"wp-block-image size-large\"><img loading=\"lazy\" decoding=\"async\" width=\"768\" height=\"1024\" data-id=\"5076\" src=\"https:\/\/www.thm.ostrowiec.pl\/wp-content\/uploads\/2024\/10\/464829122_1075402287928678_2707727707582699141_n-768x1024.jpg\" alt=\"\" class=\"wp-image-5076\" srcset=\"https:\/\/www.thm.ostrowiec.pl\/wp-content\/uploads\/2024\/10\/464829122_1075402287928678_2707727707582699141_n-768x1024.jpg 768w, https:\/\/www.thm.ostrowiec.pl\/wp-content\/uploads\/2024\/10\/464829122_1075402287928678_2707727707582699141_n-225x300.jpg 225w, https:\/\/www.thm.ostrowiec.pl\/wp-content\/uploads\/2024\/10\/464829122_1075402287928678_2707727707582699141_n-1152x1536.jpg 1152w, https:\/\/www.thm.ostrowiec.pl\/wp-content\/uploads\/2024\/10\/464829122_1075402287928678_2707727707582699141_n.jpg 1200w\" sizes=\"(max-width: 768px) 100vw, 768px\" \/><\/figure>\n\n\n\n<figure class=\"wp-block-image size-large\"><img loading=\"lazy\" decoding=\"async\" width=\"720\" height=\"960\" data-id=\"5084\" src=\"https:\/\/www.thm.ostrowiec.pl\/wp-content\/uploads\/2024\/10\/464915374_1075400631262177_6044881771147272300_n.jpg\" alt=\"\" class=\"wp-image-5084\" srcset=\"https:\/\/www.thm.ostrowiec.pl\/wp-content\/uploads\/2024\/10\/464915374_1075400631262177_6044881771147272300_n.jpg 720w, https:\/\/www.thm.ostrowiec.pl\/wp-content\/uploads\/2024\/10\/464915374_1075400631262177_6044881771147272300_n-225x300.jpg 225w\" sizes=\"(max-width: 720px) 100vw, 720px\" \/><\/figure>\n\n\n\n<figure class=\"wp-block-image size-large\"><img loading=\"lazy\" decoding=\"async\" width=\"768\" height=\"1024\" data-id=\"5085\" src=\"https:\/\/www.thm.ostrowiec.pl\/wp-content\/uploads\/2024\/10\/464918324_1075402204595353_8895496105599235447_n-768x1024.jpg\" alt=\"\" class=\"wp-image-5085\" srcset=\"https:\/\/www.thm.ostrowiec.pl\/wp-content\/uploads\/2024\/10\/464918324_1075402204595353_8895496105599235447_n-768x1024.jpg 768w, https:\/\/www.thm.ostrowiec.pl\/wp-content\/uploads\/2024\/10\/464918324_1075402204595353_8895496105599235447_n-225x300.jpg 225w, https:\/\/www.thm.ostrowiec.pl\/wp-content\/uploads\/2024\/10\/464918324_1075402204595353_8895496105599235447_n-1152x1536.jpg 1152w, https:\/\/www.thm.ostrowiec.pl\/wp-content\/uploads\/2024\/10\/464918324_1075402204595353_8895496105599235447_n.jpg 1200w\" sizes=\"(max-width: 768px) 100vw, 768px\" \/><\/figure>\n\n\n\n<figure class=\"wp-block-image size-large\"><img loading=\"lazy\" decoding=\"async\" width=\"960\" height=\"720\" data-id=\"5071\" src=\"https:\/\/www.thm.ostrowiec.pl\/wp-content\/uploads\/2024\/10\/464930092_1075400834595490_2560258547163154840_n.jpg\" alt=\"\" class=\"wp-image-5071\" srcset=\"https:\/\/www.thm.ostrowiec.pl\/wp-content\/uploads\/2024\/10\/464930092_1075400834595490_2560258547163154840_n.jpg 960w, https:\/\/www.thm.ostrowiec.pl\/wp-content\/uploads\/2024\/10\/464930092_1075400834595490_2560258547163154840_n-300x225.jpg 300w, https:\/\/www.thm.ostrowiec.pl\/wp-content\/uploads\/2024\/10\/464930092_1075400834595490_2560258547163154840_n-768x576.jpg 768w\" sizes=\"(max-width: 960px) 100vw, 960px\" \/><\/figure>\n\n\n\n<figure class=\"wp-block-image size-large\"><img loading=\"lazy\" decoding=\"async\" width=\"960\" height=\"855\" data-id=\"5072\" src=\"https:\/\/www.thm.ostrowiec.pl\/wp-content\/uploads\/2024\/10\/465033158_1075401101262130_5089284085082382973_n.jpg\" alt=\"\" class=\"wp-image-5072\" srcset=\"https:\/\/www.thm.ostrowiec.pl\/wp-content\/uploads\/2024\/10\/465033158_1075401101262130_5089284085082382973_n.jpg 960w, https:\/\/www.thm.ostrowiec.pl\/wp-content\/uploads\/2024\/10\/465033158_1075401101262130_5089284085082382973_n-300x267.jpg 300w, https:\/\/www.thm.ostrowiec.pl\/wp-content\/uploads\/2024\/10\/465033158_1075401101262130_5089284085082382973_n-768x684.jpg 768w\" sizes=\"(max-width: 960px) 100vw, 960px\" \/><\/figure>\n\n\n\n<figure class=\"wp-block-image size-large\"><img loading=\"lazy\" decoding=\"async\" width=\"720\" height=\"960\" data-id=\"5073\" src=\"https:\/\/www.thm.ostrowiec.pl\/wp-content\/uploads\/2024\/10\/465036544_1075400684595505_5003729862630286124_n.jpg\" alt=\"\" class=\"wp-image-5073\" srcset=\"https:\/\/www.thm.ostrowiec.pl\/wp-content\/uploads\/2024\/10\/465036544_1075400684595505_5003729862630286124_n.jpg 720w, https:\/\/www.thm.ostrowiec.pl\/wp-content\/uploads\/2024\/10\/465036544_1075400684595505_5003729862630286124_n-225x300.jpg 225w\" sizes=\"(max-width: 720px) 100vw, 720px\" \/><\/figure>\n\n\n\n<figure class=\"wp-block-image size-large\"><img loading=\"lazy\" decoding=\"async\" width=\"960\" height=\"720\" data-id=\"5082\" src=\"https:\/\/www.thm.ostrowiec.pl\/wp-content\/uploads\/2024\/10\/465062885_1075401391262101_6048153932706578112_n.jpg\" alt=\"\" class=\"wp-image-5082\" srcset=\"https:\/\/www.thm.ostrowiec.pl\/wp-content\/uploads\/2024\/10\/465062885_1075401391262101_6048153932706578112_n.jpg 960w, https:\/\/www.thm.ostrowiec.pl\/wp-content\/uploads\/2024\/10\/465062885_1075401391262101_6048153932706578112_n-300x225.jpg 300w, https:\/\/www.thm.ostrowiec.pl\/wp-content\/uploads\/2024\/10\/465062885_1075401391262101_6048153932706578112_n-768x576.jpg 768w\" sizes=\"(max-width: 960px) 100vw, 960px\" \/><\/figure>\n\n\n\n<figure class=\"wp-block-image size-large\"><img loading=\"lazy\" decoding=\"async\" width=\"960\" height=\"720\" data-id=\"5078\" src=\"https:\/\/www.thm.ostrowiec.pl\/wp-content\/uploads\/2024\/10\/465144032_1075400774595496_680170666926159161_n.jpg\" alt=\"\" class=\"wp-image-5078\" srcset=\"https:\/\/www.thm.ostrowiec.pl\/wp-content\/uploads\/2024\/10\/465144032_1075400774595496_680170666926159161_n.jpg 960w, https:\/\/www.thm.ostrowiec.pl\/wp-content\/uploads\/2024\/10\/465144032_1075400774595496_680170666926159161_n-300x225.jpg 300w, https:\/\/www.thm.ostrowiec.pl\/wp-content\/uploads\/2024\/10\/465144032_1075400774595496_680170666926159161_n-768x576.jpg 768w\" sizes=\"(max-width: 960px) 100vw, 960px\" \/><\/figure>\n\n\n\n<figure class=\"wp-block-image size-large\"><img loading=\"lazy\" decoding=\"async\" width=\"720\" height=\"960\" data-id=\"5079\" src=\"https:\/\/www.thm.ostrowiec.pl\/wp-content\/uploads\/2024\/10\/465153739_1075400727928834_5401104546631169994_n.jpg\" alt=\"\" class=\"wp-image-5079\" srcset=\"https:\/\/www.thm.ostrowiec.pl\/wp-content\/uploads\/2024\/10\/465153739_1075400727928834_5401104546631169994_n.jpg 720w, https:\/\/www.thm.ostrowiec.pl\/wp-content\/uploads\/2024\/10\/465153739_1075400727928834_5401104546631169994_n-225x300.jpg 225w\" sizes=\"(max-width: 720px) 100vw, 720px\" \/><\/figure>\n\n\n\n<figure class=\"wp-block-image size-large\"><img loading=\"lazy\" decoding=\"async\" width=\"960\" height=\"720\" data-id=\"5083\" src=\"https:\/\/www.thm.ostrowiec.pl\/wp-content\/uploads\/2024\/10\/465264473_1075401444595429_6530193506505341604_n.jpg\" alt=\"\" class=\"wp-image-5083\" srcset=\"https:\/\/www.thm.ostrowiec.pl\/wp-content\/uploads\/2024\/10\/465264473_1075401444595429_6530193506505341604_n.jpg 960w, https:\/\/www.thm.ostrowiec.pl\/wp-content\/uploads\/2024\/10\/465264473_1075401444595429_6530193506505341604_n-300x225.jpg 300w, https:\/\/www.thm.ostrowiec.pl\/wp-content\/uploads\/2024\/10\/465264473_1075401444595429_6530193506505341604_n-768x576.jpg 768w\" sizes=\"(max-width: 960px) 100vw, 960px\" \/><\/figure>\n\n\n\n<figure class=\"wp-block-image size-large\"><img loading=\"lazy\" decoding=\"async\" width=\"960\" height=\"720\" data-id=\"5075\" src=\"https:\/\/www.thm.ostrowiec.pl\/wp-content\/uploads\/2024\/10\/1-2.jpg\" alt=\"\" class=\"wp-image-5075\" srcset=\"https:\/\/www.thm.ostrowiec.pl\/wp-content\/uploads\/2024\/10\/1-2.jpg 960w, https:\/\/www.thm.ostrowiec.pl\/wp-content\/uploads\/2024\/10\/1-2-300x225.jpg 300w, https:\/\/www.thm.ostrowiec.pl\/wp-content\/uploads\/2024\/10\/1-2-768x576.jpg 768w\" sizes=\"(max-width: 960px) 100vw, 960px\" \/><\/figure>\n<\/figure>\n","protected":false},"excerpt":{"rendered":"<p>Nasi uczniowie ju\u017c 20 lat wyje\u017cd\u017caj\u0105 na zagraniczne czterotygodniowe praktyki zawodowe. Wczoraj, wraz z zaproszonymi Go\u015b\u0107mi &#8211; Wiceprezydentem Miasta Ostrowca \u015awi\u0119tokrzyskiego Panem Krzysztofem Kowalskim, Naczelnikiem Wydzia\u0142u Edukacji, Zdrowia i Spraw Spo\u0142ecznych Starostwa Powiatowego &#8211; Panem Mariuszem \u0141at\u0105, Przewodnicz\u0105cym Komisji O\u015bwiaty i Kultury Starostwa Powiatowego &#8211; Panem Dariuszem Czupry\u0144skim, Wiceprzewodnicz\u0105c\u0105 Komisji O\u015bwiaty i Kultury Starostwa Powiatowego &hellip;<\/p>\n<p class=\"read-more\"> <a class=\"\" href=\"https:\/\/www.thm.ostrowiec.pl\/?p=5068\"> <span class=\"screen-reader-text\">Kolejne &#8222;Europassy&#8221; dla uczni\u00f3w THM<\/span> Read More &raquo;<\/a><\/p>\n","protected":false},"author":1,"featured_media":0,"comment_status":"closed","ping_status":"closed","sticky":false,"template":"","format":"standard","meta":{"ngg_post_thumbnail":0,"footnotes":""},"categories":[5],"tags":[],"_links":{"self":[{"href":"https:\/\/www.thm.ostrowiec.pl\/index.php?rest_route=\/wp\/v2\/posts\/5068"}],"collection":[{"href":"https:\/\/www.thm.ostrowiec.pl\/index.php?rest_route=\/wp\/v2\/posts"}],"about":[{"href":"https:\/\/www.thm.ostrowiec.pl\/index.php?rest_route=\/wp\/v2\/types\/post"}],"author":[{"embeddable":true,"href":"https:\/\/www.thm.ostrowiec.pl\/index.php?rest_route=\/wp\/v2\/users\/1"}],"replies":[{"embeddable":true,"href":"https:\/\/www.thm.ostrowiec.pl\/index.php?rest_route=%2Fwp%2Fv2%2Fcomments&post=5068"}],"version-history":[{"count":1,"href":"https:\/\/www.thm.ostrowiec.pl\/index.php?rest_route=\/wp\/v2\/posts\/5068\/revisions"}],"predecessor-version":[{"id":5086,"href":"https:\/\/www.thm.ostrowiec.pl\/index.php?rest_route=\/wp\/v2\/posts\/5068\/revisions\/5086"}],"wp:attachment":[{"href":"https:\/\/www.thm.ostrowiec.pl\/index.php?rest_route=%2Fwp%2Fv2%2Fmedia&parent=5068"}],"wp:term":[{"taxonomy":"category","embeddable":true,"href":"https:\/\/www.thm.ostrowiec.pl\/index.php?rest_route=%2Fwp%2Fv2%2Fcategories&post=5068"},{"taxonomy":"post_tag","embeddable":true,"href":"https:\/\/www.thm.ostrowiec.pl\/index.php?rest_route=%2Fwp%2Fv2%2Ftags&post=5068"}],"curies":[{"name":"wp","href":"https:\/\/api.w.org\/{rel}","templated":true}]}}