{"id":4952,"date":"2024-10-10T06:53:30","date_gmt":"2024-10-10T06:53:30","guid":{"rendered":"https:\/\/www.thm.ostrowiec.pl\/?p=4952"},"modified":"2024-10-10T06:53:30","modified_gmt":"2024-10-10T06:53:30","slug":"grant-dla-samorzadu-uczniowskiego-thm-wreczony","status":"publish","type":"post","link":"https:\/\/www.thm.ostrowiec.pl\/?p=4952","title":{"rendered":"Grant dla samorz\u0105du uczniowskiego THM wr\u0119czony"},"content":{"rendered":"\n<p>Sekcja samorz\u0105du uczniowskiego Technikum nr 3 im. Hutnik\u00f3w Ostrowieckich &#8211; &#8222;Otwarte Serca THM&#8221;, po raz kolejny otrzyma\u0142a wsparcie na inicjatyw\u0119 m\u0142odzie\u017cow\u0105, czyli organizacj\u0119 konferencji &nbsp;kt\u00f3ra zostanie sfinansowana z \u015brodk\u00f3w Narodowego Instytutu Wolno\u015bci w ramach Funduszu M\u0142odzie\u017cowego.<\/p>\n\n\n\n<p>Uroczysta gala wr\u0119czenia um\u00f3w odby\u0142a si\u0119 w pi\u0105tek, 13.09.2024 roku w \u015awi\u0119tokrzyskim Urz\u0119dzie Wojew\u00f3dzkim w Kielcach. Umow\u0119 odebra\u0142 <strong>Dyrektor ZS3 Tomasz \u0141odej<\/strong> w asy\u015bcie wolontariuszek: <strong>Wiktorii Bochniak i Emilii Wo\u017any.<\/strong><\/p>\n\n\n\n<p>Koordynatorem prac nad projektem by\u0142a pani <strong>Magdalena Kaniewska<\/strong>.<\/p>\n\n\n\n<figure class=\"wp-block-gallery has-nested-images columns-default is-cropped wp-block-gallery-1 is-layout-flex wp-block-gallery-is-layout-flex\">\n<figure class=\"wp-block-image size-large\"><img loading=\"lazy\" decoding=\"async\" width=\"768\" height=\"1024\" data-id=\"4953\" src=\"https:\/\/www.thm.ostrowiec.pl\/wp-content\/uploads\/2024\/10\/image23-768x1024.jpeg\" alt=\"\" class=\"wp-image-4953\" srcset=\"https:\/\/www.thm.ostrowiec.pl\/wp-content\/uploads\/2024\/10\/image23-768x1024.jpeg 768w, https:\/\/www.thm.ostrowiec.pl\/wp-content\/uploads\/2024\/10\/image23-225x300.jpeg 225w, https:\/\/www.thm.ostrowiec.pl\/wp-content\/uploads\/2024\/10\/image23-1152x1536.jpeg 1152w, https:\/\/www.thm.ostrowiec.pl\/wp-content\/uploads\/2024\/10\/image23.jpeg 1530w\" sizes=\"(max-width: 768px) 100vw, 768px\" \/><\/figure>\n\n\n\n<figure class=\"wp-block-image size-large\"><img loading=\"lazy\" decoding=\"async\" width=\"576\" height=\"1024\" data-id=\"4954\" src=\"https:\/\/www.thm.ostrowiec.pl\/wp-content\/uploads\/2024\/10\/image13-576x1024.jpeg\" alt=\"\" class=\"wp-image-4954\" srcset=\"https:\/\/www.thm.ostrowiec.pl\/wp-content\/uploads\/2024\/10\/image13-576x1024.jpeg 576w, https:\/\/www.thm.ostrowiec.pl\/wp-content\/uploads\/2024\/10\/image13-169x300.jpeg 169w, https:\/\/www.thm.ostrowiec.pl\/wp-content\/uploads\/2024\/10\/image13-768x1365.jpeg 768w, https:\/\/www.thm.ostrowiec.pl\/wp-content\/uploads\/2024\/10\/image13-864x1536.jpeg 864w, https:\/\/www.thm.ostrowiec.pl\/wp-content\/uploads\/2024\/10\/image13.jpeg 1080w\" sizes=\"(max-width: 576px) 100vw, 576px\" \/><\/figure>\n\n\n\n<figure class=\"wp-block-image size-large\"><img loading=\"lazy\" decoding=\"async\" width=\"1024\" height=\"768\" data-id=\"4955\" src=\"https:\/\/www.thm.ostrowiec.pl\/wp-content\/uploads\/2024\/10\/image02-1024x768.jpeg\" alt=\"\" class=\"wp-image-4955\" srcset=\"https:\/\/www.thm.ostrowiec.pl\/wp-content\/uploads\/2024\/10\/image02-1024x768.jpeg 1024w, https:\/\/www.thm.ostrowiec.pl\/wp-content\/uploads\/2024\/10\/image02-300x225.jpeg 300w, https:\/\/www.thm.ostrowiec.pl\/wp-content\/uploads\/2024\/10\/image02-768x576.jpeg 768w, https:\/\/www.thm.ostrowiec.pl\/wp-content\/uploads\/2024\/10\/image02-1536x1152.jpeg 1536w, https:\/\/www.thm.ostrowiec.pl\/wp-content\/uploads\/2024\/10\/image02.jpeg 2040w\" sizes=\"(max-width: 1024px) 100vw, 1024px\" \/><\/figure>\n<\/figure>\n","protected":false},"excerpt":{"rendered":"<p>Sekcja samorz\u0105du uczniowskiego Technikum nr 3 im. Hutnik\u00f3w Ostrowieckich &#8211; &#8222;Otwarte Serca THM&#8221;, po raz kolejny otrzyma\u0142a wsparcie na inicjatyw\u0119 m\u0142odzie\u017cow\u0105, czyli organizacj\u0119 konferencji &nbsp;kt\u00f3ra zostanie sfinansowana z \u015brodk\u00f3w Narodowego Instytutu Wolno\u015bci w ramach Funduszu M\u0142odzie\u017cowego. Uroczysta gala wr\u0119czenia um\u00f3w odby\u0142a si\u0119 w pi\u0105tek, 13.09.2024 roku w \u015awi\u0119tokrzyskim Urz\u0119dzie Wojew\u00f3dzkim w Kielcach. Umow\u0119 odebra\u0142 Dyrektor &hellip;<\/p>\n<p class=\"read-more\"> <a class=\"\" href=\"https:\/\/www.thm.ostrowiec.pl\/?p=4952\"> <span class=\"screen-reader-text\">Grant dla samorz\u0105du uczniowskiego THM wr\u0119czony<\/span> Read More &raquo;<\/a><\/p>\n","protected":false},"author":1,"featured_media":0,"comment_status":"closed","ping_status":"closed","sticky":false,"template":"","format":"standard","meta":{"ngg_post_thumbnail":0,"footnotes":""},"categories":[5],"tags":[],"_links":{"self":[{"href":"https:\/\/www.thm.ostrowiec.pl\/index.php?rest_route=\/wp\/v2\/posts\/4952"}],"collection":[{"href":"https:\/\/www.thm.ostrowiec.pl\/index.php?rest_route=\/wp\/v2\/posts"}],"about":[{"href":"https:\/\/www.thm.ostrowiec.pl\/index.php?rest_route=\/wp\/v2\/types\/post"}],"author":[{"embeddable":true,"href":"https:\/\/www.thm.ostrowiec.pl\/index.php?rest_route=\/wp\/v2\/users\/1"}],"replies":[{"embeddable":true,"href":"https:\/\/www.thm.ostrowiec.pl\/index.php?rest_route=%2Fwp%2Fv2%2Fcomments&post=4952"}],"version-history":[{"count":1,"href":"https:\/\/www.thm.ostrowiec.pl\/index.php?rest_route=\/wp\/v2\/posts\/4952\/revisions"}],"predecessor-version":[{"id":4956,"href":"https:\/\/www.thm.ostrowiec.pl\/index.php?rest_route=\/wp\/v2\/posts\/4952\/revisions\/4956"}],"wp:attachment":[{"href":"https:\/\/www.thm.ostrowiec.pl\/index.php?rest_route=%2Fwp%2Fv2%2Fmedia&parent=4952"}],"wp:term":[{"taxonomy":"category","embeddable":true,"href":"https:\/\/www.thm.ostrowiec.pl\/index.php?rest_route=%2Fwp%2Fv2%2Fcategories&post=4952"},{"taxonomy":"post_tag","embeddable":true,"href":"https:\/\/www.thm.ostrowiec.pl\/index.php?rest_route=%2Fwp%2Fv2%2Ftags&post=4952"}],"curies":[{"name":"wp","href":"https:\/\/api.w.org\/{rel}","templated":true}]}}