{"id":4796,"date":"2024-06-12T17:14:31","date_gmt":"2024-06-12T17:14:31","guid":{"rendered":"https:\/\/www.thm.ostrowiec.pl\/?p=4796"},"modified":"2024-06-12T17:15:09","modified_gmt":"2024-06-12T17:15:09","slug":"uczniowie-technikum-nr-3-im-hutnikow-ostrowieckich-zaangazowani-europejsko","status":"publish","type":"post","link":"https:\/\/www.thm.ostrowiec.pl\/?p=4796","title":{"rendered":"Uczniowie Technikum nr 3 im. Hutnik\u00f3w Ostrowieckich zaanga\u017cowani europejsko"},"content":{"rendered":"\n<p>5 czerwca 2024 r. uczniowie Technikum nr 3 im. Hutnik\u00f3w Ostrowieckich w sk\u0142adzie:<\/p>\n\n\n\n<p>Wiktoria Bochniak (4Teu), Mateusz Wzi\u0105tek (4 Tm), Bartosz Pietrkiewicz (3 Tib), Kacper S\u0142owikowski (3Tl) i Maciej Traczy\u0144ski (4Tm) wzi\u0119li udzia\u0142 w warsztatach o Unii Europejskiej oraz Debacie Oksfordzkiej, zorganizowanych przez M\u0142odzie\u017cow\u0105 Rad\u0119 Miasta.<\/p>\n\n\n\n<p>Spotkanie odby\u0142o si\u0119 w Niepublicznym Liceum im. Stanis\u0142awa Konarskiego w Ostrowcu \u015aw. i rozpocz\u0119\u0142o si\u0119 przywitaniem uczestnik\u00f3w, s\u0142owem wst\u0119pu oraz obja\u015bnieniem przebiegu wydarzenia. Nast\u0119pnie wszyscy uczestnicy wzi\u0119li udzia\u0142 w quizie na temat Unii Europejskiej oraz w debacie, w kt\u00f3rej naprzeciw siebie stan\u0119\u0142y dwie strony &#8211; propozycji i opozycji.<\/p>\n\n\n\n<p>Zadaniem pierwszej z nich by\u0142o udowodnienie prawdziwo\u015bci okre\u015blonej wcze\u015bniej tezy, za\u015b drugiej \u2013 jej obalenie.<\/p>\n\n\n\n<p>Charakterystyczne dla debaty oksfordzkiej jest to, \u017ce uczestnicy znaj\u0105 wcze\u015bniej tez\u0119, aby m\u00f3c si\u0119 do niej w\u0142a\u015bciwie przygotowa\u0107, jednak nie wiedz\u0105, po kt\u00f3rej ze stron si\u0119 znajd\u0105.<\/p>\n\n\n\n<p>W debacie oksfordzkiej udzia\u0142 opr\u00f3cz dru\u017cyn wzi\u0119li: marsza\u0142ek czuwaj\u0105cy nad prawid\u0142owo\u015bci\u0105 przebiegu debaty oraz osoby decyduj\u0105ce o wygranej, czyli publiczno\u015b\u0107.<\/p>\n\n\n\n<p>Mateusz Wzi\u0105tek z klasy 4 Tm, jako reprezentant naszej szkolnej dru\u017cyny wy\u015bmienicie wypad\u0142 w roli m\u00f3wcy.<\/p>\n\n\n\n<p>Koniec spotkania stanowi\u0142a podsumowuj\u0105ca pogaw\u0119dka.<\/p>\n\n\n\n<figure class=\"wp-block-gallery has-nested-images columns-default is-cropped wp-block-gallery-1 is-layout-flex wp-block-gallery-is-layout-flex\">\n<figure class=\"wp-block-image size-large\"><img loading=\"lazy\" decoding=\"async\" width=\"768\" height=\"1024\" data-id=\"4800\" src=\"https:\/\/www.thm.ostrowiec.pl\/wp-content\/uploads\/2024\/06\/image0-768x1024.jpeg\" alt=\"\" class=\"wp-image-4800\" srcset=\"https:\/\/www.thm.ostrowiec.pl\/wp-content\/uploads\/2024\/06\/image0-768x1024.jpeg 768w, https:\/\/www.thm.ostrowiec.pl\/wp-content\/uploads\/2024\/06\/image0-225x300.jpeg 225w, https:\/\/www.thm.ostrowiec.pl\/wp-content\/uploads\/2024\/06\/image0-1152x1536.jpeg 1152w, https:\/\/www.thm.ostrowiec.pl\/wp-content\/uploads\/2024\/06\/image0.jpeg 1200w\" sizes=\"(max-width: 768px) 100vw, 768px\" \/><\/figure>\n\n\n\n<figure class=\"wp-block-image size-large\"><img loading=\"lazy\" decoding=\"async\" width=\"768\" height=\"1024\" data-id=\"4799\" src=\"https:\/\/www.thm.ostrowiec.pl\/wp-content\/uploads\/2024\/06\/image1-768x1024.jpeg\" alt=\"\" class=\"wp-image-4799\" srcset=\"https:\/\/www.thm.ostrowiec.pl\/wp-content\/uploads\/2024\/06\/image1-768x1024.jpeg 768w, https:\/\/www.thm.ostrowiec.pl\/wp-content\/uploads\/2024\/06\/image1-225x300.jpeg 225w, https:\/\/www.thm.ostrowiec.pl\/wp-content\/uploads\/2024\/06\/image1-1152x1536.jpeg 1152w, https:\/\/www.thm.ostrowiec.pl\/wp-content\/uploads\/2024\/06\/image1.jpeg 1200w\" sizes=\"(max-width: 768px) 100vw, 768px\" \/><\/figure>\n\n\n\n<figure class=\"wp-block-image size-large\"><img loading=\"lazy\" decoding=\"async\" width=\"768\" height=\"1024\" data-id=\"4801\" src=\"https:\/\/www.thm.ostrowiec.pl\/wp-content\/uploads\/2024\/06\/image2-768x1024.jpeg\" alt=\"\" class=\"wp-image-4801\" srcset=\"https:\/\/www.thm.ostrowiec.pl\/wp-content\/uploads\/2024\/06\/image2-768x1024.jpeg 768w, https:\/\/www.thm.ostrowiec.pl\/wp-content\/uploads\/2024\/06\/image2-225x300.jpeg 225w, https:\/\/www.thm.ostrowiec.pl\/wp-content\/uploads\/2024\/06\/image2-1152x1536.jpeg 1152w, https:\/\/www.thm.ostrowiec.pl\/wp-content\/uploads\/2024\/06\/image2.jpeg 1200w\" sizes=\"(max-width: 768px) 100vw, 768px\" \/><\/figure>\n\n\n\n<figure class=\"wp-block-image size-large\"><img loading=\"lazy\" decoding=\"async\" width=\"768\" height=\"1024\" data-id=\"4803\" src=\"https:\/\/www.thm.ostrowiec.pl\/wp-content\/uploads\/2024\/06\/image3-768x1024.jpeg\" alt=\"\" class=\"wp-image-4803\" srcset=\"https:\/\/www.thm.ostrowiec.pl\/wp-content\/uploads\/2024\/06\/image3-768x1024.jpeg 768w, https:\/\/www.thm.ostrowiec.pl\/wp-content\/uploads\/2024\/06\/image3-225x300.jpeg 225w, https:\/\/www.thm.ostrowiec.pl\/wp-content\/uploads\/2024\/06\/image3-1152x1536.jpeg 1152w, https:\/\/www.thm.ostrowiec.pl\/wp-content\/uploads\/2024\/06\/image3.jpeg 1536w\" sizes=\"(max-width: 768px) 100vw, 768px\" \/><\/figure>\n\n\n\n<figure class=\"wp-block-image size-large\"><img loading=\"lazy\" decoding=\"async\" width=\"768\" height=\"1024\" data-id=\"4804\" src=\"https:\/\/www.thm.ostrowiec.pl\/wp-content\/uploads\/2024\/06\/image5-768x1024.jpeg\" alt=\"\" class=\"wp-image-4804\" srcset=\"https:\/\/www.thm.ostrowiec.pl\/wp-content\/uploads\/2024\/06\/image5-768x1024.jpeg 768w, https:\/\/www.thm.ostrowiec.pl\/wp-content\/uploads\/2024\/06\/image5-225x300.jpeg 225w, https:\/\/www.thm.ostrowiec.pl\/wp-content\/uploads\/2024\/06\/image5-1152x1536.jpeg 1152w, https:\/\/www.thm.ostrowiec.pl\/wp-content\/uploads\/2024\/06\/image5.jpeg 1536w\" sizes=\"(max-width: 768px) 100vw, 768px\" \/><\/figure>\n\n\n\n<figure class=\"wp-block-image size-large\"><img loading=\"lazy\" decoding=\"async\" width=\"768\" height=\"1024\" data-id=\"4802\" src=\"https:\/\/www.thm.ostrowiec.pl\/wp-content\/uploads\/2024\/06\/image6-768x1024.jpeg\" alt=\"\" class=\"wp-image-4802\" srcset=\"https:\/\/www.thm.ostrowiec.pl\/wp-content\/uploads\/2024\/06\/image6-768x1024.jpeg 768w, https:\/\/www.thm.ostrowiec.pl\/wp-content\/uploads\/2024\/06\/image6-225x300.jpeg 225w, https:\/\/www.thm.ostrowiec.pl\/wp-content\/uploads\/2024\/06\/image6-1152x1536.jpeg 1152w, https:\/\/www.thm.ostrowiec.pl\/wp-content\/uploads\/2024\/06\/image6.jpeg 1200w\" sizes=\"(max-width: 768px) 100vw, 768px\" \/><\/figure>\n<\/figure>\n","protected":false},"excerpt":{"rendered":"<p>5 czerwca 2024 r. uczniowie Technikum nr 3 im. Hutnik\u00f3w Ostrowieckich w sk\u0142adzie: Wiktoria Bochniak (4Teu), Mateusz Wzi\u0105tek (4 Tm), Bartosz Pietrkiewicz (3 Tib), Kacper S\u0142owikowski (3Tl) i Maciej Traczy\u0144ski (4Tm) wzi\u0119li udzia\u0142 w warsztatach o Unii Europejskiej oraz Debacie Oksfordzkiej, zorganizowanych przez M\u0142odzie\u017cow\u0105 Rad\u0119 Miasta. Spotkanie odby\u0142o si\u0119 w Niepublicznym Liceum im. Stanis\u0142awa Konarskiego &hellip;<\/p>\n<p class=\"read-more\"> <a class=\"\" href=\"https:\/\/www.thm.ostrowiec.pl\/?p=4796\"> <span class=\"screen-reader-text\">Uczniowie Technikum nr 3 im. Hutnik\u00f3w Ostrowieckich zaanga\u017cowani europejsko<\/span> Read More &raquo;<\/a><\/p>\n","protected":false},"author":1,"featured_media":0,"comment_status":"closed","ping_status":"closed","sticky":false,"template":"elementor_theme","format":"standard","meta":{"ngg_post_thumbnail":0,"footnotes":""},"categories":[5],"tags":[],"_links":{"self":[{"href":"https:\/\/www.thm.ostrowiec.pl\/index.php?rest_route=\/wp\/v2\/posts\/4796"}],"collection":[{"href":"https:\/\/www.thm.ostrowiec.pl\/index.php?rest_route=\/wp\/v2\/posts"}],"about":[{"href":"https:\/\/www.thm.ostrowiec.pl\/index.php?rest_route=\/wp\/v2\/types\/post"}],"author":[{"embeddable":true,"href":"https:\/\/www.thm.ostrowiec.pl\/index.php?rest_route=\/wp\/v2\/users\/1"}],"replies":[{"embeddable":true,"href":"https:\/\/www.thm.ostrowiec.pl\/index.php?rest_route=%2Fwp%2Fv2%2Fcomments&post=4796"}],"version-history":[{"count":2,"href":"https:\/\/www.thm.ostrowiec.pl\/index.php?rest_route=\/wp\/v2\/posts\/4796\/revisions"}],"predecessor-version":[{"id":4805,"href":"https:\/\/www.thm.ostrowiec.pl\/index.php?rest_route=\/wp\/v2\/posts\/4796\/revisions\/4805"}],"wp:attachment":[{"href":"https:\/\/www.thm.ostrowiec.pl\/index.php?rest_route=%2Fwp%2Fv2%2Fmedia&parent=4796"}],"wp:term":[{"taxonomy":"category","embeddable":true,"href":"https:\/\/www.thm.ostrowiec.pl\/index.php?rest_route=%2Fwp%2Fv2%2Fcategories&post=4796"},{"taxonomy":"post_tag","embeddable":true,"href":"https:\/\/www.thm.ostrowiec.pl\/index.php?rest_route=%2Fwp%2Fv2%2Ftags&post=4796"}],"curies":[{"name":"wp","href":"https:\/\/api.w.org\/{rel}","templated":true}]}}