{"id":4278,"date":"2023-12-21T09:20:48","date_gmt":"2023-12-21T09:20:48","guid":{"rendered":"https:\/\/www.thm.ostrowiec.pl\/?p=4278"},"modified":"2023-12-21T09:21:50","modified_gmt":"2023-12-21T09:21:50","slug":"bartlomiej-wisniewski-z-klasy-5tib-5-w-finale-14-edycji-konkursu-matematyka-w-technice-dla-technika","status":"publish","type":"post","link":"https:\/\/www.thm.ostrowiec.pl\/?p=4278","title":{"rendered":"Bart\u0142omiej Wi\u015bniewski z klasy 5Tib\/5 w finale 14 edycji konkursu &#8222;Matematyka w Technice dla Technika&#8221;"},"content":{"rendered":"\n<p>25 pa\u017adziernika 2023 roku rozpocz\u0119\u0142a si\u0119 czternasta edycja konkursu \u201eMatematyka w Technice dla Technika\u201d. W 77 szko\u0142ach technicznych Polski odby\u0142 si\u0119 etap szkolny.<\/p>\n\n\n\n<p>W eliminacjach szkolnych wzi\u0119\u0142o udzia\u0142 850 uczennic i uczni\u00f3w.<\/p>\n\n\n\n<p>Szkolne Komisje Konkursowe pod przewodnictwem nauczyciela danej szko\u0142y zakwalifikowa\u0142y do drugiego etapu 75. uczestnik\u00f3w z 32 szk\u00f3\u0142.<\/p>\n\n\n\n<p>Etap mi\u0119dzyszkolny odby\u0142 si\u0119 2 grudnia 2023 roku w Zespole Szk\u00f3\u0142 Elektronicznych w Lublinie. Mi\u0119dzyszkolna Komisja Konkursowa, pod przewodnictwem Agnieszki Ka\u0142akuckiej, konsultanta z matematyki Lubelskiego Samorz\u0105dowego Centrum Doskonalenia Nauczycieli zakwalifikowa\u0142a 21. maturzyst\u00f3w z 13 szk\u00f3\u0142 technicznych do fina\u0142u.<\/p>\n\n\n\n<p>Jeste\u015bmy dumni, \u017ce w\u015br\u00f3d finalist\u00f3w znalaz\u0142 si\u0119 <strong>ucze\u0144 Technikum nr 3 im. Hutnik\u00f3w Ostrowieckich &#8211; Bart\u0142omiej Wi\u015bniewski<\/strong>. Opiekunem ucznia z ramienia szko\u0142y jest <strong>pani Beata Modrzejewska<\/strong>.<\/p>\n\n\n\n<figure class=\"wp-block-gallery columns-3 is-cropped wp-block-gallery-1 is-layout-flex wp-block-gallery-is-layout-flex\"><ul class=\"blocks-gallery-grid\"><li class=\"blocks-gallery-item\"><figure><img loading=\"lazy\" decoding=\"async\" width=\"1024\" height=\"768\" src=\"https:\/\/www.thm.ostrowiec.pl\/wp-content\/uploads\/2023\/12\/image21-1024x768.jpeg\" alt=\"\" data-id=\"4280\" data-full-url=\"https:\/\/www.thm.ostrowiec.pl\/wp-content\/uploads\/2023\/12\/image21.jpeg\" data-link=\"https:\/\/www.thm.ostrowiec.pl\/?attachment_id=4280\" class=\"wp-image-4280\" srcset=\"https:\/\/www.thm.ostrowiec.pl\/wp-content\/uploads\/2023\/12\/image21-1024x768.jpeg 1024w, https:\/\/www.thm.ostrowiec.pl\/wp-content\/uploads\/2023\/12\/image21-300x225.jpeg 300w, https:\/\/www.thm.ostrowiec.pl\/wp-content\/uploads\/2023\/12\/image21-768x576.jpeg 768w, https:\/\/www.thm.ostrowiec.pl\/wp-content\/uploads\/2023\/12\/image21-1536x1152.jpeg 1536w, https:\/\/www.thm.ostrowiec.pl\/wp-content\/uploads\/2023\/12\/image21.jpeg 2016w\" sizes=\"(max-width: 1024px) 100vw, 1024px\" \/><\/figure><\/li><li class=\"blocks-gallery-item\"><figure><img loading=\"lazy\" decoding=\"async\" width=\"719\" height=\"1024\" src=\"https:\/\/www.thm.ostrowiec.pl\/wp-content\/uploads\/2023\/12\/image0-719x1024.jpeg\" alt=\"\" data-id=\"4279\" data-full-url=\"https:\/\/www.thm.ostrowiec.pl\/wp-content\/uploads\/2023\/12\/image0.jpeg\" data-link=\"https:\/\/www.thm.ostrowiec.pl\/?attachment_id=4279\" class=\"wp-image-4279\" srcset=\"https:\/\/www.thm.ostrowiec.pl\/wp-content\/uploads\/2023\/12\/image0-719x1024.jpeg 719w, https:\/\/www.thm.ostrowiec.pl\/wp-content\/uploads\/2023\/12\/image0-211x300.jpeg 211w, https:\/\/www.thm.ostrowiec.pl\/wp-content\/uploads\/2023\/12\/image0-768x1093.jpeg 768w, https:\/\/www.thm.ostrowiec.pl\/wp-content\/uploads\/2023\/12\/image0.jpeg 899w\" sizes=\"(max-width: 719px) 100vw, 719px\" \/><\/figure><\/li><li class=\"blocks-gallery-item\"><figure><img loading=\"lazy\" decoding=\"async\" width=\"768\" height=\"1024\" src=\"https:\/\/www.thm.ostrowiec.pl\/wp-content\/uploads\/2023\/12\/image11-768x1024.jpeg\" alt=\"\" data-id=\"4281\" data-full-url=\"https:\/\/www.thm.ostrowiec.pl\/wp-content\/uploads\/2023\/12\/image11-rotated.jpeg\" data-link=\"https:\/\/www.thm.ostrowiec.pl\/?attachment_id=4281\" class=\"wp-image-4281\" srcset=\"https:\/\/www.thm.ostrowiec.pl\/wp-content\/uploads\/2023\/12\/image11-768x1024.jpeg 768w, https:\/\/www.thm.ostrowiec.pl\/wp-content\/uploads\/2023\/12\/image11-225x300.jpeg 225w, https:\/\/www.thm.ostrowiec.pl\/wp-content\/uploads\/2023\/12\/image11-1152x1536.jpeg 1152w, https:\/\/www.thm.ostrowiec.pl\/wp-content\/uploads\/2023\/12\/image11-rotated.jpeg 1512w\" sizes=\"(max-width: 768px) 100vw, 768px\" \/><\/figure><\/li><\/ul><\/figure>\n","protected":false},"excerpt":{"rendered":"<p>25 pa\u017adziernika 2023 roku rozpocz\u0119\u0142a si\u0119 czternasta edycja konkursu \u201eMatematyka w Technice dla Technika\u201d. W 77 szko\u0142ach technicznych Polski odby\u0142 si\u0119 etap szkolny. W eliminacjach szkolnych wzi\u0119\u0142o udzia\u0142 850 uczennic i uczni\u00f3w. Szkolne Komisje Konkursowe pod przewodnictwem nauczyciela danej szko\u0142y zakwalifikowa\u0142y do drugiego etapu 75. uczestnik\u00f3w z 32 szk\u00f3\u0142. Etap mi\u0119dzyszkolny odby\u0142 si\u0119 2 grudnia &hellip;<\/p>\n<p class=\"read-more\"> <a class=\"\" href=\"https:\/\/www.thm.ostrowiec.pl\/?p=4278\"> <span class=\"screen-reader-text\">Bart\u0142omiej Wi\u015bniewski z klasy 5Tib\/5 w finale 14 edycji konkursu &#8222;Matematyka w Technice dla Technika&#8221;<\/span> Read More &raquo;<\/a><\/p>\n","protected":false},"author":1,"featured_media":0,"comment_status":"closed","ping_status":"closed","sticky":false,"template":"","format":"standard","meta":{"ngg_post_thumbnail":0,"footnotes":""},"categories":[15],"tags":[],"_links":{"self":[{"href":"https:\/\/www.thm.ostrowiec.pl\/index.php?rest_route=\/wp\/v2\/posts\/4278"}],"collection":[{"href":"https:\/\/www.thm.ostrowiec.pl\/index.php?rest_route=\/wp\/v2\/posts"}],"about":[{"href":"https:\/\/www.thm.ostrowiec.pl\/index.php?rest_route=\/wp\/v2\/types\/post"}],"author":[{"embeddable":true,"href":"https:\/\/www.thm.ostrowiec.pl\/index.php?rest_route=\/wp\/v2\/users\/1"}],"replies":[{"embeddable":true,"href":"https:\/\/www.thm.ostrowiec.pl\/index.php?rest_route=%2Fwp%2Fv2%2Fcomments&post=4278"}],"version-history":[{"count":1,"href":"https:\/\/www.thm.ostrowiec.pl\/index.php?rest_route=\/wp\/v2\/posts\/4278\/revisions"}],"predecessor-version":[{"id":4282,"href":"https:\/\/www.thm.ostrowiec.pl\/index.php?rest_route=\/wp\/v2\/posts\/4278\/revisions\/4282"}],"wp:attachment":[{"href":"https:\/\/www.thm.ostrowiec.pl\/index.php?rest_route=%2Fwp%2Fv2%2Fmedia&parent=4278"}],"wp:term":[{"taxonomy":"category","embeddable":true,"href":"https:\/\/www.thm.ostrowiec.pl\/index.php?rest_route=%2Fwp%2Fv2%2Fcategories&post=4278"},{"taxonomy":"post_tag","embeddable":true,"href":"https:\/\/www.thm.ostrowiec.pl\/index.php?rest_route=%2Fwp%2Fv2%2Ftags&post=4278"}],"curies":[{"name":"wp","href":"https:\/\/api.w.org\/{rel}","templated":true}]}}