{"id":4257,"date":"2023-12-21T07:53:50","date_gmt":"2023-12-21T07:53:50","guid":{"rendered":"https:\/\/www.thm.ostrowiec.pl\/?p=4257"},"modified":"2023-12-21T09:04:56","modified_gmt":"2023-12-21T09:04:56","slug":"%f0%9d%90%8b%f0%9d%90%a8%f0%9d%90%a0%f0%9d%90%a2%f0%9d%90%ac%f0%9d%90%ad%f0%9d%90%b2%f0%9d%90%9c%f0%9d%90%b2-%f0%9d%90%93%f0%9d%90%9e%f0%9d%90%9c%f0%9d%90%a1%f0%9d%90%a7%f0%9d%90%a2%f0%9d%90%a4","status":"publish","type":"post","link":"https:\/\/www.thm.ostrowiec.pl\/?p=4257","title":{"rendered":"Logistycy z Technikum nr 3 im. Hutnik\u00f3w Ostrowieckich zn\u00f3w w\u015br\u00f3d najlepszych."},"content":{"rendered":"\n<p><\/p>\n\n\n\n<p><strong>Jakub Drzazga, Micha\u0142 W\u0105siel, Bartosz Rej, Daniel Puka &#8211; klasa 5 Tl\/5 oraz Oliwia Makuch &#8211; klasa 4 Tl<\/strong> <strong>i Krzysztof Kwiatkowski &#8211; klasa 3 Tl<\/strong> zdobyli tytu\u0142y finalist\u00f3w Og\u00f3lnopolskiej Olimpiady Logistycznej organizowanej przez Mi\u0119dzynarodow\u0105 Wy\u017csz\u0105 Szko\u0142\u0119 Logistyki i Transportu we Wroc\u0142awiu<\/p>\n\n\n\n<p>Nasza m\u0142odzie\u017c zosta\u0142a wy\u0142oniona spo\u015br\u00f3d 495. najlepszych Logistyk\u00f3w w kraju.<\/p>\n\n\n\n<p>Etap okr\u0119gowy, kt\u00f3ry doprowadzi\u0142 ich do fina\u0142u odby\u0142 si\u0119 13.12.2023 w Zespole Szk\u00f3\u0142 Geodezyjno-Drogowych i Gospodarki Wodnej w Krakowie.<\/p>\n\n\n\n<p>Ca\u0142a Sz\u00f3stka b\u0119dzie mia\u0142a okazje powalczy\u0107 o tytu\u0142y laureat\u00f3w Og\u00f3lnopolska Olimpiada Logistyczna w MWSLiT we Wroc\u0142awiu 15.03.2024 r. w siedzibie organizatora, czyli w Mi\u0119dzynarodowej Wy\u017cszej Szkole Logistyki i Transportu we Wroc\u0142awiu. Serdecznie gratulujemy i \u017cyczymy dalszych sukces\u00f3w! <img loading=\"lazy\" decoding=\"async\" width=\"16\" height=\"16\" src=\"\" alt=\"????\"><\/p>\n\n\n\n<figure class=\"wp-block-gallery columns-2 is-cropped wp-block-gallery-1 is-layout-flex wp-block-gallery-is-layout-flex\"><ul class=\"blocks-gallery-grid\"><li class=\"blocks-gallery-item\"><figure><img loading=\"lazy\" decoding=\"async\" width=\"576\" height=\"1024\" src=\"https:\/\/www.thm.ostrowiec.pl\/wp-content\/uploads\/2023\/12\/image5-576x1024.jpeg\" alt=\"\" data-id=\"4258\" data-full-url=\"https:\/\/www.thm.ostrowiec.pl\/wp-content\/uploads\/2023\/12\/image5.jpeg\" data-link=\"https:\/\/www.thm.ostrowiec.pl\/?attachment_id=4258\" class=\"wp-image-4258\" srcset=\"https:\/\/www.thm.ostrowiec.pl\/wp-content\/uploads\/2023\/12\/image5-576x1024.jpeg 576w, https:\/\/www.thm.ostrowiec.pl\/wp-content\/uploads\/2023\/12\/image5-169x300.jpeg 169w, https:\/\/www.thm.ostrowiec.pl\/wp-content\/uploads\/2023\/12\/image5-768x1365.jpeg 768w, https:\/\/www.thm.ostrowiec.pl\/wp-content\/uploads\/2023\/12\/image5-864x1536.jpeg 864w, https:\/\/www.thm.ostrowiec.pl\/wp-content\/uploads\/2023\/12\/image5.jpeg 900w\" sizes=\"(max-width: 576px) 100vw, 576px\" \/><\/figure><\/li><li class=\"blocks-gallery-item\"><figure><img loading=\"lazy\" decoding=\"async\" width=\"1024\" height=\"375\" src=\"https:\/\/www.thm.ostrowiec.pl\/wp-content\/uploads\/2023\/12\/image4-1024x375.jpeg\" alt=\"\" data-id=\"4259\" data-full-url=\"https:\/\/www.thm.ostrowiec.pl\/wp-content\/uploads\/2023\/12\/image4.jpeg\" data-link=\"https:\/\/www.thm.ostrowiec.pl\/?attachment_id=4259\" class=\"wp-image-4259\" srcset=\"https:\/\/www.thm.ostrowiec.pl\/wp-content\/uploads\/2023\/12\/image4-1024x375.jpeg 1024w, https:\/\/www.thm.ostrowiec.pl\/wp-content\/uploads\/2023\/12\/image4-300x110.jpeg 300w, https:\/\/www.thm.ostrowiec.pl\/wp-content\/uploads\/2023\/12\/image4-768x281.jpeg 768w, https:\/\/www.thm.ostrowiec.pl\/wp-content\/uploads\/2023\/12\/image4.jpeg 1170w\" sizes=\"(max-width: 1024px) 100vw, 1024px\" \/><\/figure><\/li><\/ul><\/figure>\n\n\n\n<figure class=\"wp-block-gallery columns-1 is-cropped wp-block-gallery-2 is-layout-flex wp-block-gallery-is-layout-flex\"><ul class=\"blocks-gallery-grid\"><li class=\"blocks-gallery-item\"><figure><img loading=\"lazy\" decoding=\"async\" width=\"1024\" height=\"768\" src=\"https:\/\/www.thm.ostrowiec.pl\/wp-content\/uploads\/2023\/12\/image7-1-1024x768.jpeg\" alt=\"\" data-id=\"4261\" data-full-url=\"https:\/\/www.thm.ostrowiec.pl\/wp-content\/uploads\/2023\/12\/image7-1.jpeg\" data-link=\"https:\/\/www.thm.ostrowiec.pl\/?attachment_id=4261\" class=\"wp-image-4261\" srcset=\"https:\/\/www.thm.ostrowiec.pl\/wp-content\/uploads\/2023\/12\/image7-1-1024x768.jpeg 1024w, https:\/\/www.thm.ostrowiec.pl\/wp-content\/uploads\/2023\/12\/image7-1-300x225.jpeg 300w, https:\/\/www.thm.ostrowiec.pl\/wp-content\/uploads\/2023\/12\/image7-1-768x576.jpeg 768w, https:\/\/www.thm.ostrowiec.pl\/wp-content\/uploads\/2023\/12\/image7-1-1536x1152.jpeg 1536w, https:\/\/www.thm.ostrowiec.pl\/wp-content\/uploads\/2023\/12\/image7-1.jpeg 2016w\" sizes=\"(max-width: 1024px) 100vw, 1024px\" \/><\/figure><\/li><\/ul><\/figure>\n","protected":false},"excerpt":{"rendered":"<p>Jakub Drzazga, Micha\u0142 W\u0105siel, Bartosz Rej, Daniel Puka &#8211; klasa 5 Tl\/5 oraz Oliwia Makuch &#8211; klasa 4 Tl i Krzysztof Kwiatkowski &#8211; klasa 3 Tl zdobyli tytu\u0142y finalist\u00f3w Og\u00f3lnopolskiej Olimpiady Logistycznej organizowanej przez Mi\u0119dzynarodow\u0105 Wy\u017csz\u0105 Szko\u0142\u0119 Logistyki i Transportu we Wroc\u0142awiu Nasza m\u0142odzie\u017c zosta\u0142a wy\u0142oniona spo\u015br\u00f3d 495. najlepszych Logistyk\u00f3w w kraju. Etap okr\u0119gowy, kt\u00f3ry &hellip;<\/p>\n<p class=\"read-more\"> <a class=\"\" href=\"https:\/\/www.thm.ostrowiec.pl\/?p=4257\"> <span class=\"screen-reader-text\">Logistycy z Technikum nr 3 im. Hutnik\u00f3w Ostrowieckich zn\u00f3w w\u015br\u00f3d najlepszych.<\/span> Read More &raquo;<\/a><\/p>\n","protected":false},"author":1,"featured_media":0,"comment_status":"closed","ping_status":"closed","sticky":false,"template":"elementor_theme","format":"standard","meta":{"ngg_post_thumbnail":0,"footnotes":""},"categories":[17],"tags":[],"_links":{"self":[{"href":"https:\/\/www.thm.ostrowiec.pl\/index.php?rest_route=\/wp\/v2\/posts\/4257"}],"collection":[{"href":"https:\/\/www.thm.ostrowiec.pl\/index.php?rest_route=\/wp\/v2\/posts"}],"about":[{"href":"https:\/\/www.thm.ostrowiec.pl\/index.php?rest_route=\/wp\/v2\/types\/post"}],"author":[{"embeddable":true,"href":"https:\/\/www.thm.ostrowiec.pl\/index.php?rest_route=\/wp\/v2\/users\/1"}],"replies":[{"embeddable":true,"href":"https:\/\/www.thm.ostrowiec.pl\/index.php?rest_route=%2Fwp%2Fv2%2Fcomments&post=4257"}],"version-history":[{"count":3,"href":"https:\/\/www.thm.ostrowiec.pl\/index.php?rest_route=\/wp\/v2\/posts\/4257\/revisions"}],"predecessor-version":[{"id":4266,"href":"https:\/\/www.thm.ostrowiec.pl\/index.php?rest_route=\/wp\/v2\/posts\/4257\/revisions\/4266"}],"wp:attachment":[{"href":"https:\/\/www.thm.ostrowiec.pl\/index.php?rest_route=%2Fwp%2Fv2%2Fmedia&parent=4257"}],"wp:term":[{"taxonomy":"category","embeddable":true,"href":"https:\/\/www.thm.ostrowiec.pl\/index.php?rest_route=%2Fwp%2Fv2%2Fcategories&post=4257"},{"taxonomy":"post_tag","embeddable":true,"href":"https:\/\/www.thm.ostrowiec.pl\/index.php?rest_route=%2Fwp%2Fv2%2Ftags&post=4257"}],"curies":[{"name":"wp","href":"https:\/\/api.w.org\/{rel}","templated":true}]}}