{"id":3163,"date":"2022-10-03T16:12:38","date_gmt":"2022-10-03T16:12:38","guid":{"rendered":"https:\/\/www.thm.ostrowiec.pl\/?p=3163"},"modified":"2022-10-03T16:12:39","modified_gmt":"2022-10-03T16:12:39","slug":"30-wrzesnia-uczniowie-thm-spedzili-w-sportowej-atmosferze","status":"publish","type":"post","link":"https:\/\/www.thm.ostrowiec.pl\/?p=3163","title":{"rendered":"30 wrze\u015bnia uczniowie THM sp\u0119dzili w sportowej atmosferze"},"content":{"rendered":"\n<p><strong>Dzie\u0144 Ch\u0142opaka uczniowie Zespo\u0142u Szk\u00f3\u0142 nr 3 w Ostrowcu \u015aw. \u015bwi\u0119towali na boisku sportowym.<\/strong><\/p>\n\n\n\n<p><strong>Dzi\u0119ki uprzejmo\u015bci pana Piotra W\u0119glewicza &#8211; dyrektora MOSiR oraz pana Kamila Kutryby uda\u0142o si\u0119 zorganizowa\u0107 na \u017cyczenie m\u0142odzie\u017cy Turniej Pi\u0142ki No\u017cnej o Puchar Dyrektora Technikum nr 3 im. Hutnik\u00f3w Ostrowieckich w Zespole Szk\u00f3\u0142 nr 3 w Ostrowcu \u015aw.<\/strong><\/p>\n\n\n\n<p>M\u0142odzie\u017c zmierzy\u0142a si\u0119 w rozgrywkach sportowych, w kt\u00f3rych udzia\u0142 wzi\u0119li reprezentanci &nbsp;a\u017c 16 klas technikum.<\/p>\n\n\n\n<p>Przedsi\u0119wzi\u0119cie zorganizowa\u0142 samorz\u0105d uczniowski ZS3 z wraz z opiekunami p. Katarzyn\u0105 Pastuszk\u0105 i p.Anet\u0105 Zapa\u0142\u0105-Wieche\u0107 z inicjatywy Mateusza Wzi\u0105tka ucznia klasy 3 Tm.<\/p>\n\n\n\n<p>Mecze s\u0119dziowali: <strong>pan Pawe\u0142 Pater i&nbsp; pan Jakub Kocha\u0144ski<\/strong>.<\/p>\n\n\n\n<p>Opiekunami byli<strong>: p. wiecedyrektor Czes\u0142aw Golis, p.Marzena Kozi\u0144ska, p.Agnieszka Osojca, p. Monika Szczepa\u0144ska, p.Ewelina Walczyk, p.Katarzyna Pastuszka.<\/strong><\/p>\n\n\n\n<p>Duch walki nie opuszcza\u0142 \u017cadnej z dru\u017cyn. Turniej przyni\u00f3s\u0142 wiele rado\u015bci i satysfakcji p\u0142ci m\u0119skiej.<\/p>\n\n\n\n<p>I miejsce 2 Tkm<\/p>\n\n\n\n<p>II miejsce 2 Tia\/5<\/p>\n\n\n\n<p>III miejsce 4 Tib<\/p>\n\n\n\n<p>Wszystkim dru\u017cynom gratulujemy zaci\u0119cia sportowego, ch\u0119ci rywalizacji i wspania\u0142ej integracji.<\/p>\n\n\n\n<p>Brawa dla zwyci\u0119zc\u00f3w <strong>klasy 2 Tkm ZS3<\/strong> w sk\u0142adzie:<\/p>\n\n\n\n<p>1. Krzysztof \u017bak<\/p>\n\n\n\n<p>2. Hubert Borecki<\/p>\n\n\n\n<p>3. Brajan Brodalka<\/p>\n\n\n\n<p>4. Daniel \u015acibak<\/p>\n\n\n\n<p>5. Oliwier Kasprzycki<\/p>\n\n\n\n<p>6. Jakub Kr\u0105g<\/p>\n\n\n\n<p>7. Bartosz Czerwi\u0144ski<\/p>\n\n\n\n<p>Sk\u0142adamy serdecznie podzi\u0119kowania wszystkim osobom zaanga\u017cowanym w w\/w przedsi\u0119wzi\u0119cie.<\/p>\n\n\n\n<figure class=\"wp-block-gallery columns-3 is-cropped wp-block-gallery-1 is-layout-flex wp-block-gallery-is-layout-flex\"><ul class=\"blocks-gallery-grid\"><li class=\"blocks-gallery-item\"><figure><img loading=\"lazy\" decoding=\"async\" width=\"1024\" height=\"576\" src=\"https:\/\/www.thm.ostrowiec.pl\/wp-content\/uploads\/2022\/10\/DSC_1986-1024x576.jpg\" alt=\"\" data-id=\"3164\" data-full-url=\"https:\/\/www.thm.ostrowiec.pl\/wp-content\/uploads\/2022\/10\/DSC_1986.jpg\" data-link=\"https:\/\/www.thm.ostrowiec.pl\/?attachment_id=3164\" class=\"wp-image-3164\" srcset=\"https:\/\/www.thm.ostrowiec.pl\/wp-content\/uploads\/2022\/10\/DSC_1986-1024x576.jpg 1024w, https:\/\/www.thm.ostrowiec.pl\/wp-content\/uploads\/2022\/10\/DSC_1986-300x169.jpg 300w, https:\/\/www.thm.ostrowiec.pl\/wp-content\/uploads\/2022\/10\/DSC_1986-768x432.jpg 768w, https:\/\/www.thm.ostrowiec.pl\/wp-content\/uploads\/2022\/10\/DSC_1986.jpg 1168w\" sizes=\"(max-width: 1024px) 100vw, 1024px\" \/><\/figure><\/li><li class=\"blocks-gallery-item\"><figure><img loading=\"lazy\" decoding=\"async\" width=\"1024\" height=\"576\" src=\"https:\/\/www.thm.ostrowiec.pl\/wp-content\/uploads\/2022\/10\/DSC_1991-1024x576.jpg\" alt=\"\" data-id=\"3165\" data-full-url=\"https:\/\/www.thm.ostrowiec.pl\/wp-content\/uploads\/2022\/10\/DSC_1991.jpg\" data-link=\"https:\/\/www.thm.ostrowiec.pl\/?attachment_id=3165\" class=\"wp-image-3165\" srcset=\"https:\/\/www.thm.ostrowiec.pl\/wp-content\/uploads\/2022\/10\/DSC_1991-1024x576.jpg 1024w, https:\/\/www.thm.ostrowiec.pl\/wp-content\/uploads\/2022\/10\/DSC_1991-300x169.jpg 300w, https:\/\/www.thm.ostrowiec.pl\/wp-content\/uploads\/2022\/10\/DSC_1991-768x432.jpg 768w, https:\/\/www.thm.ostrowiec.pl\/wp-content\/uploads\/2022\/10\/DSC_1991.jpg 1067w\" sizes=\"(max-width: 1024px) 100vw, 1024px\" \/><\/figure><\/li><li class=\"blocks-gallery-item\"><figure><img loading=\"lazy\" decoding=\"async\" width=\"857\" height=\"600\" src=\"https:\/\/www.thm.ostrowiec.pl\/wp-content\/uploads\/2022\/10\/DSC_2315.jpg\" alt=\"\" data-id=\"3170\" data-full-url=\"https:\/\/www.thm.ostrowiec.pl\/wp-content\/uploads\/2022\/10\/DSC_2315.jpg\" data-link=\"https:\/\/www.thm.ostrowiec.pl\/?attachment_id=3170\" class=\"wp-image-3170\" srcset=\"https:\/\/www.thm.ostrowiec.pl\/wp-content\/uploads\/2022\/10\/DSC_2315.jpg 857w, https:\/\/www.thm.ostrowiec.pl\/wp-content\/uploads\/2022\/10\/DSC_2315-300x210.jpg 300w, https:\/\/www.thm.ostrowiec.pl\/wp-content\/uploads\/2022\/10\/DSC_2315-768x538.jpg 768w\" sizes=\"(max-width: 857px) 100vw, 857px\" \/><\/figure><\/li><li class=\"blocks-gallery-item\"><figure><img loading=\"lazy\" decoding=\"async\" width=\"857\" height=\"600\" src=\"https:\/\/www.thm.ostrowiec.pl\/wp-content\/uploads\/2022\/10\/DSC_2142.jpg\" alt=\"\" data-id=\"3166\" data-full-url=\"https:\/\/www.thm.ostrowiec.pl\/wp-content\/uploads\/2022\/10\/DSC_2142.jpg\" data-link=\"https:\/\/www.thm.ostrowiec.pl\/?attachment_id=3166\" class=\"wp-image-3166\" srcset=\"https:\/\/www.thm.ostrowiec.pl\/wp-content\/uploads\/2022\/10\/DSC_2142.jpg 857w, https:\/\/www.thm.ostrowiec.pl\/wp-content\/uploads\/2022\/10\/DSC_2142-300x210.jpg 300w, https:\/\/www.thm.ostrowiec.pl\/wp-content\/uploads\/2022\/10\/DSC_2142-768x538.jpg 768w\" sizes=\"(max-width: 857px) 100vw, 857px\" \/><\/figure><\/li><li class=\"blocks-gallery-item\"><figure><img loading=\"lazy\" decoding=\"async\" width=\"857\" height=\"600\" src=\"https:\/\/www.thm.ostrowiec.pl\/wp-content\/uploads\/2022\/10\/DSC_2304.jpg\" alt=\"\" data-id=\"3168\" data-full-url=\"https:\/\/www.thm.ostrowiec.pl\/wp-content\/uploads\/2022\/10\/DSC_2304.jpg\" data-link=\"https:\/\/www.thm.ostrowiec.pl\/?attachment_id=3168\" class=\"wp-image-3168\" srcset=\"https:\/\/www.thm.ostrowiec.pl\/wp-content\/uploads\/2022\/10\/DSC_2304.jpg 857w, https:\/\/www.thm.ostrowiec.pl\/wp-content\/uploads\/2022\/10\/DSC_2304-300x210.jpg 300w, https:\/\/www.thm.ostrowiec.pl\/wp-content\/uploads\/2022\/10\/DSC_2304-768x538.jpg 768w\" sizes=\"(max-width: 857px) 100vw, 857px\" \/><\/figure><\/li><li class=\"blocks-gallery-item\"><figure><img loading=\"lazy\" decoding=\"async\" width=\"420\" height=\"600\" src=\"https:\/\/www.thm.ostrowiec.pl\/wp-content\/uploads\/2022\/10\/DSC_2312.jpg\" alt=\"\" data-id=\"3169\" data-full-url=\"https:\/\/www.thm.ostrowiec.pl\/wp-content\/uploads\/2022\/10\/DSC_2312.jpg\" data-link=\"https:\/\/www.thm.ostrowiec.pl\/?attachment_id=3169\" class=\"wp-image-3169\" srcset=\"https:\/\/www.thm.ostrowiec.pl\/wp-content\/uploads\/2022\/10\/DSC_2312.jpg 420w, https:\/\/www.thm.ostrowiec.pl\/wp-content\/uploads\/2022\/10\/DSC_2312-210x300.jpg 210w\" sizes=\"(max-width: 420px) 100vw, 420px\" \/><\/figure><\/li><li class=\"blocks-gallery-item\"><figure><img loading=\"lazy\" decoding=\"async\" width=\"857\" height=\"600\" src=\"https:\/\/www.thm.ostrowiec.pl\/wp-content\/uploads\/2022\/10\/DSC_2183.jpg\" alt=\"\" data-id=\"3167\" data-full-url=\"https:\/\/www.thm.ostrowiec.pl\/wp-content\/uploads\/2022\/10\/DSC_2183.jpg\" data-link=\"https:\/\/www.thm.ostrowiec.pl\/?attachment_id=3167\" class=\"wp-image-3167\" srcset=\"https:\/\/www.thm.ostrowiec.pl\/wp-content\/uploads\/2022\/10\/DSC_2183.jpg 857w, https:\/\/www.thm.ostrowiec.pl\/wp-content\/uploads\/2022\/10\/DSC_2183-300x210.jpg 300w, https:\/\/www.thm.ostrowiec.pl\/wp-content\/uploads\/2022\/10\/DSC_2183-768x538.jpg 768w\" sizes=\"(max-width: 857px) 100vw, 857px\" \/><\/figure><\/li><li class=\"blocks-gallery-item\"><figure><img loading=\"lazy\" decoding=\"async\" width=\"857\" height=\"600\" src=\"https:\/\/www.thm.ostrowiec.pl\/wp-content\/uploads\/2022\/10\/DSC_2320.jpg\" alt=\"\" data-id=\"3171\" data-full-url=\"https:\/\/www.thm.ostrowiec.pl\/wp-content\/uploads\/2022\/10\/DSC_2320.jpg\" data-link=\"https:\/\/www.thm.ostrowiec.pl\/?attachment_id=3171\" class=\"wp-image-3171\" srcset=\"https:\/\/www.thm.ostrowiec.pl\/wp-content\/uploads\/2022\/10\/DSC_2320.jpg 857w, https:\/\/www.thm.ostrowiec.pl\/wp-content\/uploads\/2022\/10\/DSC_2320-300x210.jpg 300w, https:\/\/www.thm.ostrowiec.pl\/wp-content\/uploads\/2022\/10\/DSC_2320-768x538.jpg 768w\" sizes=\"(max-width: 857px) 100vw, 857px\" \/><\/figure><\/li><\/ul><\/figure>\n","protected":false},"excerpt":{"rendered":"<p>Dzie\u0144 Ch\u0142opaka uczniowie Zespo\u0142u Szk\u00f3\u0142 nr 3 w Ostrowcu \u015aw. \u015bwi\u0119towali na boisku sportowym. Dzi\u0119ki uprzejmo\u015bci pana Piotra W\u0119glewicza &#8211; dyrektora MOSiR oraz pana Kamila Kutryby uda\u0142o si\u0119 zorganizowa\u0107 na \u017cyczenie m\u0142odzie\u017cy Turniej Pi\u0142ki No\u017cnej o Puchar Dyrektora Technikum nr 3 im. Hutnik\u00f3w Ostrowieckich w Zespole Szk\u00f3\u0142 nr 3 w Ostrowcu \u015aw. M\u0142odzie\u017c zmierzy\u0142a si\u0119 &hellip;<\/p>\n<p class=\"read-more\"> <a class=\"\" href=\"https:\/\/www.thm.ostrowiec.pl\/?p=3163\"> <span class=\"screen-reader-text\">30 wrze\u015bnia uczniowie THM sp\u0119dzili w sportowej atmosferze<\/span> Read More &raquo;<\/a><\/p>\n","protected":false},"author":1,"featured_media":0,"comment_status":"closed","ping_status":"closed","sticky":false,"template":"elementor_theme","format":"standard","meta":{"ngg_post_thumbnail":0,"footnotes":""},"categories":[5],"tags":[],"_links":{"self":[{"href":"https:\/\/www.thm.ostrowiec.pl\/index.php?rest_route=\/wp\/v2\/posts\/3163"}],"collection":[{"href":"https:\/\/www.thm.ostrowiec.pl\/index.php?rest_route=\/wp\/v2\/posts"}],"about":[{"href":"https:\/\/www.thm.ostrowiec.pl\/index.php?rest_route=\/wp\/v2\/types\/post"}],"author":[{"embeddable":true,"href":"https:\/\/www.thm.ostrowiec.pl\/index.php?rest_route=\/wp\/v2\/users\/1"}],"replies":[{"embeddable":true,"href":"https:\/\/www.thm.ostrowiec.pl\/index.php?rest_route=%2Fwp%2Fv2%2Fcomments&post=3163"}],"version-history":[{"count":0,"href":"https:\/\/www.thm.ostrowiec.pl\/index.php?rest_route=\/wp\/v2\/posts\/3163\/revisions"}],"wp:attachment":[{"href":"https:\/\/www.thm.ostrowiec.pl\/index.php?rest_route=%2Fwp%2Fv2%2Fmedia&parent=3163"}],"wp:term":[{"taxonomy":"category","embeddable":true,"href":"https:\/\/www.thm.ostrowiec.pl\/index.php?rest_route=%2Fwp%2Fv2%2Fcategories&post=3163"},{"taxonomy":"post_tag","embeddable":true,"href":"https:\/\/www.thm.ostrowiec.pl\/index.php?rest_route=%2Fwp%2Fv2%2Ftags&post=3163"}],"curies":[{"name":"wp","href":"https:\/\/api.w.org\/{rel}","templated":true}]}}