{"id":2778,"date":"2022-05-23T16:07:58","date_gmt":"2022-05-23T16:07:58","guid":{"rendered":"https:\/\/www.thm.ostrowiec.pl\/?p=2778"},"modified":"2022-05-23T16:08:19","modified_gmt":"2022-05-23T16:08:19","slug":"wyjatkowo-udany-dzien-otwarty-w-thm","status":"publish","type":"post","link":"https:\/\/www.thm.ostrowiec.pl\/?p=2778","title":{"rendered":"Wyj\u0105tkowo udany Dzie\u0144 Otwarty w THM"},"content":{"rendered":"\n<p>14 maja 2022 r. m\u0142odzie\u017c szk\u00f3\u0142 podstawowych z powiatu ostrowieckiego oraz opatowskiego licznie przyby\u0142a do Technikum nr 3 w Ostrowcu \u015aw., &nbsp;by zapozna\u0107 si\u0119 z ofert\u0105 edukacyjn\u0105 na rok szkolny 2022\/2023. Niemal 200 \u00f3smoklasist\u00f3w&nbsp; go\u015bci\u0142o w auli szkolnej THM oraz pracowniach zawodowych i salach og\u00f3lnokszta\u0142c\u0105cych.<\/p>\n\n\n\n<p>Grono pedagogiczne plac\u00f3wki wraz z wszechstronnie uzdolnion\u0105 m\u0142odzie\u017c\u0105 przygotowa\u0142o efektowny program Dnia Otwartego.<\/p>\n\n\n\n<p>W punkcie informacyjnym oczekiwa\u0142a na \u00d3smoklasist\u00f3w, &nbsp;ich rodzic\u00f3w oraz opiekun\u00f3w nie tylko m\u0142odzie\u017c THM ale tak\u017ce w ramach wsp\u00f3\u0142pracy przedstawicielki Celsy Huty Ostrowiec sp. z o.o. &#8211; pani Edyta S\u0142owikowska HRM Senior Advisor oraz pani Patrycja Pogoda specjalista ds szkole\u0144 i komunikacji.<\/p>\n\n\n\n<p>Wiceprzewodnicz\u0105cy SU Pawe\u0142 Kucharski wraz z kole\u017cank\u0105 Aleksandr\u0105 Pietrasik powita\u0142 przyby\u0142ych go\u015bci w auli szkolnej, zapewniaj\u0105c, i\u017c ka\u017cdy, kto wybierze THM b\u0119dzie m\u00f3g\u0142 by\u0107 cz\u0142onkiem wielkiej szkolnej rodziny. Spo\u0142eczno\u015b\u0107 THM bowiem wyr\u00f3\u017cnia si\u0119 spo\u015br\u00f3d innych. \u201eKa\u017cdy z nas w jaki\u015b spos\u00f3b tworzy klimat i atmosfer\u0119 panuj\u0105c\u0105 na lekcjach i w trakcie czasu wolnego. Ka\u017cdy z nas pozostawia w tej szkole cz\u0105stk\u0119 siebie. Wsp\u00f3lnie prze\u017cywamy tu sukces, si\u0119gamy po nowe do\u015bwiadczenia, zbieramy wyj\u0105tkowe prze\u017cycia i wra\u017cenia. Tu zawi\u0105zuj\u0105 si\u0119 przyja\u017anie i sympatie.\u201d m\u00f3wi\u0142 Pawe\u0142.<\/p>\n\n\n\n<p>Przyby\u0142ych licznie \u00d3smoklasist\u00f3w, ich opiekun\u00f3w oraz rodzic\u00f3w przywita\u0142 tak\u017ce wicedyrektor Czes\u0142aw Golis, kt\u00f3ry podczas wyst\u0105pienia wspomnia\u0142 o historii i tradycji Technikum nr 3 w Ostrowcu \u015aw., kt\u00f3re jest od lat najlepsz\u0105 szko\u0142\u0105 techniczn\u0105 w powiecie i jedn\u0105 z najlepszych w wojew\u00f3dztwie.<\/p>\n\n\n\n<p>W auli szkolnej przedstawiciele zawod\u00f3w.zaprezentowali si\u0119 na scenie do s\u0142\u00f3w wiersza pt. \u201eTHM\u201d autorstwa pani Anny Wieche\u0107 &#8211; nauczycielki wychowania fizycznego w naszej szkole, pochodz\u0105cego &nbsp;z pierwszego tomiku autorki pt. \u201eRymowanki Pani Anki\u201d.<\/p>\n\n\n\n<p>M\u0142odzie\u017c w oryginalny i ciekawy spos\u00f3b przedstawi\u0142a charakterystyk\u0119 zawod\u00f3w:<strong> technik informatyk,&nbsp; technik logistyk, technik urz\u0105dze\u0144 i system\u00f3w energetyki odnawialanej, technik mechatronik, technik elektronik,&nbsp; technik elektryk, technik programista oraz technik automatyk.<\/strong> Dwa ostatnie zawody to nowo\u015b\u0107 w ofercie edukacyjnej Technikum nr 3 w Ostrowcu \u015aw.<\/p>\n\n\n\n<p>Przedstawienie sceniczne zako\u0144czy\u0142 fenomenalny wyst\u0119p szkolnego zespo\u0142u \u201eWitboys\u201d, kt\u00f3ry wykona\u0142 autorski utw\u00f3r i udowodni\u0142, \u017ce szko\u0142a techniczna pozwala tak\u017ce na rozwijanie pasji muzycznych. \u00a0Uczniowie THM odnosz\u0105 sukcesy nie tylko w olimpiadach przedmiotowych, ale\u00a0 tak\u017ce w konkursach literackich, zawodach sportowych \u00a0czy przegl\u0105dach i konkursach muzycznych.<\/p>\n\n\n\n<p>M\u0142odzie\u017c wraz z opiekunami przygotowa\u0142a dla zwiedzaj\u0105cych nasz\u0105 szko\u0142\u0119 interesuj\u0105ce prezentacje pracowni zawodowych i przybli\u017cy\u0142a zainteresowanym zagadnienia zwi\u0105zane z nauczanymi w technikum przedmiotami.<\/p>\n\n\n\n<p><strong>&nbsp;Przybyli uczniowie z zaciekawieniem przygl\u0105dali si\u0119 pomocom dydaktycznym i wyposa\u017ceniu pracowni, <\/strong>kt\u00f3re jest niezb\u0119dne w nowoczesnej szkole technicznej, a dzi\u0119ki zaanga\u017cowaniu dyrekcji i nauczycieli szko\u0142y z roku na rok jest coraz bogatsze.<\/p>\n\n\n\n<p>&nbsp;&nbsp;Zadawane uczniom oraz nauczycielom pytania \u015bwiadczy\u0142y o du\u017cym zainteresowaniu \u00f3smoklasist\u00f3w ofert\u0105 edukacyjn\u0105 Technikum nr 3.<\/p>\n\n\n\n<p>Na Dzie\u0144 Otwarty do najlepszej szko\u0142y technicznej w regionie przybyli uczniowie\u00a0 z 26 szk\u00f3\u0142 podstawowych z Ostrowca \u015aw., O\u017carowa, Tar\u0142owa, Szwarszowic, Bodzechowa, \u0106mielowa, Kunowa, Mominy, Sienna czy Sadowia.<\/p>\n\n\n\n<figure class=\"wp-block-gallery columns-3 is-cropped wp-block-gallery-1 is-layout-flex wp-block-gallery-is-layout-flex\"><ul class=\"blocks-gallery-grid\"><li class=\"blocks-gallery-item\"><figure><img loading=\"lazy\" decoding=\"async\" width=\"800\" height=\"534\" src=\"https:\/\/www.thm.ostrowiec.pl\/wp-content\/uploads\/2022\/05\/LESP4203.jpg\" alt=\"\" data-id=\"2779\" data-full-url=\"https:\/\/www.thm.ostrowiec.pl\/wp-content\/uploads\/2022\/05\/LESP4203.jpg\" data-link=\"https:\/\/www.thm.ostrowiec.pl\/?attachment_id=2779\" class=\"wp-image-2779\" srcset=\"https:\/\/www.thm.ostrowiec.pl\/wp-content\/uploads\/2022\/05\/LESP4203.jpg 800w, https:\/\/www.thm.ostrowiec.pl\/wp-content\/uploads\/2022\/05\/LESP4203-300x200.jpg 300w, https:\/\/www.thm.ostrowiec.pl\/wp-content\/uploads\/2022\/05\/LESP4203-768x513.jpg 768w\" sizes=\"(max-width: 800px) 100vw, 800px\" \/><\/figure><\/li><li class=\"blocks-gallery-item\"><figure><img loading=\"lazy\" decoding=\"async\" width=\"800\" height=\"533\" src=\"https:\/\/www.thm.ostrowiec.pl\/wp-content\/uploads\/2022\/05\/LESP4212.jpg\" alt=\"\" data-id=\"2780\" data-full-url=\"https:\/\/www.thm.ostrowiec.pl\/wp-content\/uploads\/2022\/05\/LESP4212.jpg\" data-link=\"https:\/\/www.thm.ostrowiec.pl\/?attachment_id=2780\" class=\"wp-image-2780\" srcset=\"https:\/\/www.thm.ostrowiec.pl\/wp-content\/uploads\/2022\/05\/LESP4212.jpg 800w, https:\/\/www.thm.ostrowiec.pl\/wp-content\/uploads\/2022\/05\/LESP4212-300x200.jpg 300w, https:\/\/www.thm.ostrowiec.pl\/wp-content\/uploads\/2022\/05\/LESP4212-768x512.jpg 768w\" sizes=\"(max-width: 800px) 100vw, 800px\" \/><\/figure><\/li><li class=\"blocks-gallery-item\"><figure><img loading=\"lazy\" decoding=\"async\" width=\"800\" height=\"532\" src=\"https:\/\/www.thm.ostrowiec.pl\/wp-content\/uploads\/2022\/05\/LESP4214.jpg\" alt=\"\" data-id=\"2781\" data-full-url=\"https:\/\/www.thm.ostrowiec.pl\/wp-content\/uploads\/2022\/05\/LESP4214.jpg\" data-link=\"https:\/\/www.thm.ostrowiec.pl\/?attachment_id=2781\" class=\"wp-image-2781\" srcset=\"https:\/\/www.thm.ostrowiec.pl\/wp-content\/uploads\/2022\/05\/LESP4214.jpg 800w, https:\/\/www.thm.ostrowiec.pl\/wp-content\/uploads\/2022\/05\/LESP4214-300x200.jpg 300w, https:\/\/www.thm.ostrowiec.pl\/wp-content\/uploads\/2022\/05\/LESP4214-768x511.jpg 768w\" sizes=\"(max-width: 800px) 100vw, 800px\" \/><\/figure><\/li><li class=\"blocks-gallery-item\"><figure><img loading=\"lazy\" decoding=\"async\" width=\"800\" height=\"533\" src=\"https:\/\/www.thm.ostrowiec.pl\/wp-content\/uploads\/2022\/05\/LESP4215.jpg\" alt=\"\" data-id=\"2782\" data-full-url=\"https:\/\/www.thm.ostrowiec.pl\/wp-content\/uploads\/2022\/05\/LESP4215.jpg\" data-link=\"https:\/\/www.thm.ostrowiec.pl\/?attachment_id=2782\" class=\"wp-image-2782\" srcset=\"https:\/\/www.thm.ostrowiec.pl\/wp-content\/uploads\/2022\/05\/LESP4215.jpg 800w, https:\/\/www.thm.ostrowiec.pl\/wp-content\/uploads\/2022\/05\/LESP4215-300x200.jpg 300w, https:\/\/www.thm.ostrowiec.pl\/wp-content\/uploads\/2022\/05\/LESP4215-768x512.jpg 768w\" sizes=\"(max-width: 800px) 100vw, 800px\" \/><\/figure><\/li><li class=\"blocks-gallery-item\"><figure><img loading=\"lazy\" decoding=\"async\" width=\"800\" height=\"534\" src=\"https:\/\/www.thm.ostrowiec.pl\/wp-content\/uploads\/2022\/05\/LESP4218.jpg\" alt=\"\" data-id=\"2783\" data-full-url=\"https:\/\/www.thm.ostrowiec.pl\/wp-content\/uploads\/2022\/05\/LESP4218.jpg\" data-link=\"https:\/\/www.thm.ostrowiec.pl\/?attachment_id=2783\" class=\"wp-image-2783\" srcset=\"https:\/\/www.thm.ostrowiec.pl\/wp-content\/uploads\/2022\/05\/LESP4218.jpg 800w, https:\/\/www.thm.ostrowiec.pl\/wp-content\/uploads\/2022\/05\/LESP4218-300x200.jpg 300w, https:\/\/www.thm.ostrowiec.pl\/wp-content\/uploads\/2022\/05\/LESP4218-768x513.jpg 768w\" sizes=\"(max-width: 800px) 100vw, 800px\" \/><\/figure><\/li><li class=\"blocks-gallery-item\"><figure><img loading=\"lazy\" decoding=\"async\" width=\"800\" height=\"534\" src=\"https:\/\/www.thm.ostrowiec.pl\/wp-content\/uploads\/2022\/05\/LESP4223.jpg\" alt=\"\" data-id=\"2784\" data-full-url=\"https:\/\/www.thm.ostrowiec.pl\/wp-content\/uploads\/2022\/05\/LESP4223.jpg\" data-link=\"https:\/\/www.thm.ostrowiec.pl\/?attachment_id=2784\" class=\"wp-image-2784\" srcset=\"https:\/\/www.thm.ostrowiec.pl\/wp-content\/uploads\/2022\/05\/LESP4223.jpg 800w, https:\/\/www.thm.ostrowiec.pl\/wp-content\/uploads\/2022\/05\/LESP4223-300x200.jpg 300w, https:\/\/www.thm.ostrowiec.pl\/wp-content\/uploads\/2022\/05\/LESP4223-768x513.jpg 768w\" sizes=\"(max-width: 800px) 100vw, 800px\" \/><\/figure><\/li><li class=\"blocks-gallery-item\"><figure><img loading=\"lazy\" decoding=\"async\" width=\"800\" height=\"533\" src=\"https:\/\/www.thm.ostrowiec.pl\/wp-content\/uploads\/2022\/05\/LESP4237.jpg\" alt=\"\" data-id=\"2785\" data-full-url=\"https:\/\/www.thm.ostrowiec.pl\/wp-content\/uploads\/2022\/05\/LESP4237.jpg\" data-link=\"https:\/\/www.thm.ostrowiec.pl\/?attachment_id=2785\" class=\"wp-image-2785\" srcset=\"https:\/\/www.thm.ostrowiec.pl\/wp-content\/uploads\/2022\/05\/LESP4237.jpg 800w, https:\/\/www.thm.ostrowiec.pl\/wp-content\/uploads\/2022\/05\/LESP4237-300x200.jpg 300w, https:\/\/www.thm.ostrowiec.pl\/wp-content\/uploads\/2022\/05\/LESP4237-768x512.jpg 768w\" sizes=\"(max-width: 800px) 100vw, 800px\" \/><\/figure><\/li><li class=\"blocks-gallery-item\"><figure><img loading=\"lazy\" decoding=\"async\" width=\"800\" height=\"534\" src=\"https:\/\/www.thm.ostrowiec.pl\/wp-content\/uploads\/2022\/05\/LESP4238.jpg\" alt=\"\" data-id=\"2786\" data-full-url=\"https:\/\/www.thm.ostrowiec.pl\/wp-content\/uploads\/2022\/05\/LESP4238.jpg\" data-link=\"https:\/\/www.thm.ostrowiec.pl\/?attachment_id=2786\" class=\"wp-image-2786\" srcset=\"https:\/\/www.thm.ostrowiec.pl\/wp-content\/uploads\/2022\/05\/LESP4238.jpg 800w, https:\/\/www.thm.ostrowiec.pl\/wp-content\/uploads\/2022\/05\/LESP4238-300x200.jpg 300w, https:\/\/www.thm.ostrowiec.pl\/wp-content\/uploads\/2022\/05\/LESP4238-768x513.jpg 768w\" sizes=\"(max-width: 800px) 100vw, 800px\" \/><\/figure><\/li><li class=\"blocks-gallery-item\"><figure><img loading=\"lazy\" decoding=\"async\" width=\"800\" height=\"534\" src=\"https:\/\/www.thm.ostrowiec.pl\/wp-content\/uploads\/2022\/05\/LESP4240.jpg\" alt=\"\" data-id=\"2787\" data-full-url=\"https:\/\/www.thm.ostrowiec.pl\/wp-content\/uploads\/2022\/05\/LESP4240.jpg\" data-link=\"https:\/\/www.thm.ostrowiec.pl\/?attachment_id=2787\" class=\"wp-image-2787\" srcset=\"https:\/\/www.thm.ostrowiec.pl\/wp-content\/uploads\/2022\/05\/LESP4240.jpg 800w, https:\/\/www.thm.ostrowiec.pl\/wp-content\/uploads\/2022\/05\/LESP4240-300x200.jpg 300w, https:\/\/www.thm.ostrowiec.pl\/wp-content\/uploads\/2022\/05\/LESP4240-768x513.jpg 768w\" sizes=\"(max-width: 800px) 100vw, 800px\" \/><\/figure><\/li><li class=\"blocks-gallery-item\"><figure><img loading=\"lazy\" decoding=\"async\" width=\"800\" height=\"534\" src=\"https:\/\/www.thm.ostrowiec.pl\/wp-content\/uploads\/2022\/05\/LESP4241.jpg\" alt=\"\" data-id=\"2788\" data-full-url=\"https:\/\/www.thm.ostrowiec.pl\/wp-content\/uploads\/2022\/05\/LESP4241.jpg\" data-link=\"https:\/\/www.thm.ostrowiec.pl\/?attachment_id=2788\" class=\"wp-image-2788\" srcset=\"https:\/\/www.thm.ostrowiec.pl\/wp-content\/uploads\/2022\/05\/LESP4241.jpg 800w, https:\/\/www.thm.ostrowiec.pl\/wp-content\/uploads\/2022\/05\/LESP4241-300x200.jpg 300w, https:\/\/www.thm.ostrowiec.pl\/wp-content\/uploads\/2022\/05\/LESP4241-768x513.jpg 768w\" sizes=\"(max-width: 800px) 100vw, 800px\" \/><\/figure><\/li><\/ul><\/figure>\n","protected":false},"excerpt":{"rendered":"<p>14 maja 2022 r. m\u0142odzie\u017c szk\u00f3\u0142 podstawowych z powiatu ostrowieckiego oraz opatowskiego licznie przyby\u0142a do Technikum nr 3 w Ostrowcu \u015aw., &nbsp;by zapozna\u0107 si\u0119 z ofert\u0105 edukacyjn\u0105 na rok szkolny 2022\/2023. Niemal 200 \u00f3smoklasist\u00f3w&nbsp; go\u015bci\u0142o w auli szkolnej THM oraz pracowniach zawodowych i salach og\u00f3lnokszta\u0142c\u0105cych. Grono pedagogiczne plac\u00f3wki wraz z wszechstronnie uzdolnion\u0105 m\u0142odzie\u017c\u0105 przygotowa\u0142o efektowny &hellip;<\/p>\n<p class=\"read-more\"> <a class=\"\" href=\"https:\/\/www.thm.ostrowiec.pl\/?p=2778\"> <span class=\"screen-reader-text\">Wyj\u0105tkowo udany Dzie\u0144 Otwarty w THM<\/span> Read More &raquo;<\/a><\/p>\n","protected":false},"author":1,"featured_media":0,"comment_status":"closed","ping_status":"closed","sticky":false,"template":"elementor_theme","format":"standard","meta":{"ngg_post_thumbnail":0,"footnotes":""},"categories":[5],"tags":[],"_links":{"self":[{"href":"https:\/\/www.thm.ostrowiec.pl\/index.php?rest_route=\/wp\/v2\/posts\/2778"}],"collection":[{"href":"https:\/\/www.thm.ostrowiec.pl\/index.php?rest_route=\/wp\/v2\/posts"}],"about":[{"href":"https:\/\/www.thm.ostrowiec.pl\/index.php?rest_route=\/wp\/v2\/types\/post"}],"author":[{"embeddable":true,"href":"https:\/\/www.thm.ostrowiec.pl\/index.php?rest_route=\/wp\/v2\/users\/1"}],"replies":[{"embeddable":true,"href":"https:\/\/www.thm.ostrowiec.pl\/index.php?rest_route=%2Fwp%2Fv2%2Fcomments&post=2778"}],"version-history":[{"count":0,"href":"https:\/\/www.thm.ostrowiec.pl\/index.php?rest_route=\/wp\/v2\/posts\/2778\/revisions"}],"wp:attachment":[{"href":"https:\/\/www.thm.ostrowiec.pl\/index.php?rest_route=%2Fwp%2Fv2%2Fmedia&parent=2778"}],"wp:term":[{"taxonomy":"category","embeddable":true,"href":"https:\/\/www.thm.ostrowiec.pl\/index.php?rest_route=%2Fwp%2Fv2%2Fcategories&post=2778"},{"taxonomy":"post_tag","embeddable":true,"href":"https:\/\/www.thm.ostrowiec.pl\/index.php?rest_route=%2Fwp%2Fv2%2Ftags&post=2778"}],"curies":[{"name":"wp","href":"https:\/\/api.w.org\/{rel}","templated":true}]}}