{"id":2403,"date":"2022-02-08T17:18:45","date_gmt":"2022-02-08T17:18:45","guid":{"rendered":"https:\/\/www.thm.ostrowiec.pl\/?p=2403"},"modified":"2022-02-08T17:20:06","modified_gmt":"2022-02-08T17:20:06","slug":"wyniki-x-konkursu-logistycznego","status":"publish","type":"post","link":"https:\/\/www.thm.ostrowiec.pl\/?p=2403","title":{"rendered":"Wyniki X Konkursu Logistycznego"},"content":{"rendered":"\n<div class=\"wp-block-image\"><figure class=\"aligncenter size-full\"><img loading=\"lazy\" decoding=\"async\" width=\"680\" height=\"338\" src=\"https:\/\/www.thm.ostrowiec.pl\/wp-content\/uploads\/2022\/02\/WASIB.jpg\" alt=\"\" class=\"wp-image-2405\" srcset=\"https:\/\/www.thm.ostrowiec.pl\/wp-content\/uploads\/2022\/02\/WASIB.jpg 680w, https:\/\/www.thm.ostrowiec.pl\/wp-content\/uploads\/2022\/02\/WASIB-300x149.jpg 300w\" sizes=\"(max-width: 680px) 100vw, 680px\" \/><\/figure><\/div>\n\n\n\n<p>W dniu dzisiejszym, tj. 08.02.2022 r. og\u0142oszone zosta\u0142y wyniki <strong>X Konkursu Logistycznego<\/strong> organizowanego przez <strong>Wy\u017csz\u0105 Szko\u0142\u0119 Biznesu i Administracji w Gdyni.<\/strong><\/p>\n\n\n\n<p>Mi\u0142o nam poinformowa\u0107, i\u017c do etapu fina\u0142owego zakwalifikowa\u0142o si\u0119, a\u017c <strong>34. uczni\u00f3w z Zespo\u0142u Szk\u00f3\u0142 nr 3 w Ostrowcu \u015aw. <\/strong>kszta\u0142c\u0105cych si\u0119 na kierunku technik logistyk.<\/p>\n\n\n\n<p>Logistycy THM odnosz\u0105 corocznie&nbsp; sukcesy na szczeblu nie tylko okr\u0119gowym, ale tak\u017ce centralnym&nbsp; olimpiad i konkurs\u00f3w z zakresu bran\u017cy TSL.<\/p>\n\n\n\n<p>Przypomnijmy, i\u017c &nbsp;w rankingu szk\u00f3\u0142 \u015brednich opublikowanym przez Wy\u017csz\u0105 Szko\u0142\u0119 Logistyki w Poznaniu ZS 3 plasuje si\u0119 na 5. miejscu w Polsce.<\/p>\n\n\n\n<figure class=\"wp-block-embed\"><div class=\"wp-block-embed__wrapper\">\nhttps:\/\/zseh.pl\/images\/Artykuly\/2018-19\/580-Tabela_Wszechczasow_11_OOL.pdf\n<\/div><\/figure>\n\n\n\n<p>W opublikowanym przez&nbsp; Uniwersytet Gda\u0144ski rankingu szk\u00f3\u0142 \u015brednich bior\u0105cych&nbsp; udzia\u0142 w Og\u00f3lnopolskiej Olimpiadzie Spedycyjno-Logistycznej nasza plac\u00f3wka zajmuje zaszczytne 3. miejsce w kraju<\/p>\n\n\n\n<figure class=\"wp-block-embed\"><div class=\"wp-block-embed__wrapper\">\nhttps:\/\/ekonom.ug.edu.pl\/web\/osl\/index.html?lang=pl&#038;ao=ranking_szkol\n<\/div><\/figure>\n\n\n\n<p>Sukcesy uczni\u00f3w \u015bwiadcz\u0105 o wy\u015bmienitym przygotowaniu, du\u017cym zaanga\u017cowaniu i zainteresowaniu problematyk\u0105 spedycyjn\u0105 i logistyczn\u0105. Natomiast mo\u017cliwo\u015b\u0107 rywalizacji i weryfikacji swojej wiedzy i umiej\u0119tno\u015bci dzia\u0142a niezwykle motywuj\u0105co.<\/p>\n\n\n\n<p>Warto doda\u0107, i\u017c tre\u015bci olimpiad i konkurs\u00f3w wychodz\u0105 daleko poza ramy podstawy programowej w zawodzie technik logistyk.<\/p>\n\n\n\n<p>Przy tej okazji przypominamy, i\u017c podczas <strong>VII fina\u0142u Konkursu Logistycznego (2019) <\/strong>w Gdyni nasi uczniowie: <strong>Kacper G\u0119bura <\/strong>oraz<strong> Iwona Nowak <\/strong>zdobyli I i II miejsce w konkursie. (Zob. foto poni\u017cej)<\/p>\n\n\n\n<p>Serdecznie gratulujemy i \u017cyczymy powodzenia podczas zawod\u00f3w fina\u0142owych, kt\u00f3re odb\u0119d\u0105 si\u0119 17 marca 2022 r.<\/p>\n\n\n\n<div class=\"wp-block-image\"><figure class=\"aligncenter size-full\"><img loading=\"lazy\" decoding=\"async\" width=\"663\" height=\"960\" src=\"https:\/\/www.thm.ostrowiec.pl\/wp-content\/uploads\/2022\/02\/56401972_2198557036860625_431856638035492864_n.jpg\" alt=\"\" class=\"wp-image-2406\" srcset=\"https:\/\/www.thm.ostrowiec.pl\/wp-content\/uploads\/2022\/02\/56401972_2198557036860625_431856638035492864_n.jpg 663w, https:\/\/www.thm.ostrowiec.pl\/wp-content\/uploads\/2022\/02\/56401972_2198557036860625_431856638035492864_n-207x300.jpg 207w\" sizes=\"(max-width: 663px) 100vw, 663px\" \/><\/figure><\/div>\n","protected":false},"excerpt":{"rendered":"<p>W dniu dzisiejszym, tj. 08.02.2022 r. og\u0142oszone zosta\u0142y wyniki X Konkursu Logistycznego organizowanego przez Wy\u017csz\u0105 Szko\u0142\u0119 Biznesu i Administracji w Gdyni. Mi\u0142o nam poinformowa\u0107, i\u017c do etapu fina\u0142owego zakwalifikowa\u0142o si\u0119, a\u017c 34. uczni\u00f3w z Zespo\u0142u Szk\u00f3\u0142 nr 3 w Ostrowcu \u015aw. kszta\u0142c\u0105cych si\u0119 na kierunku technik logistyk. Logistycy THM odnosz\u0105 corocznie&nbsp; sukcesy na szczeblu nie &hellip;<\/p>\n<p class=\"read-more\"> <a class=\"\" href=\"https:\/\/www.thm.ostrowiec.pl\/?p=2403\"> <span class=\"screen-reader-text\">Wyniki X Konkursu Logistycznego<\/span> Read More &raquo;<\/a><\/p>\n","protected":false},"author":1,"featured_media":0,"comment_status":"closed","ping_status":"closed","sticky":false,"template":"elementor_theme","format":"standard","meta":{"ngg_post_thumbnail":0,"footnotes":""},"categories":[17],"tags":[],"_links":{"self":[{"href":"https:\/\/www.thm.ostrowiec.pl\/index.php?rest_route=\/wp\/v2\/posts\/2403"}],"collection":[{"href":"https:\/\/www.thm.ostrowiec.pl\/index.php?rest_route=\/wp\/v2\/posts"}],"about":[{"href":"https:\/\/www.thm.ostrowiec.pl\/index.php?rest_route=\/wp\/v2\/types\/post"}],"author":[{"embeddable":true,"href":"https:\/\/www.thm.ostrowiec.pl\/index.php?rest_route=\/wp\/v2\/users\/1"}],"replies":[{"embeddable":true,"href":"https:\/\/www.thm.ostrowiec.pl\/index.php?rest_route=%2Fwp%2Fv2%2Fcomments&post=2403"}],"version-history":[{"count":0,"href":"https:\/\/www.thm.ostrowiec.pl\/index.php?rest_route=\/wp\/v2\/posts\/2403\/revisions"}],"wp:attachment":[{"href":"https:\/\/www.thm.ostrowiec.pl\/index.php?rest_route=%2Fwp%2Fv2%2Fmedia&parent=2403"}],"wp:term":[{"taxonomy":"category","embeddable":true,"href":"https:\/\/www.thm.ostrowiec.pl\/index.php?rest_route=%2Fwp%2Fv2%2Fcategories&post=2403"},{"taxonomy":"post_tag","embeddable":true,"href":"https:\/\/www.thm.ostrowiec.pl\/index.php?rest_route=%2Fwp%2Fv2%2Ftags&post=2403"}],"curies":[{"name":"wp","href":"https:\/\/api.w.org\/{rel}","templated":true}]}}